{"id":39765,"date":"2012-07-12T18:21:57","date_gmt":"2012-07-12T21:21:57","guid":{"rendered":"http:\/\/www.redenoticia.com.br\/noticia\/?p=39765"},"modified":"2012-07-12T18:21:57","modified_gmt":"2012-07-12T21:21:57","slug":"caixa-reducao-das-taxas-de-juros-para-pessoa-fisica-e-juridica","status":"publish","type":"post","link":"https:\/\/migracao.redenoticia.com.br\/noticia\/2012\/caixa-reducao-das-taxas-de-juros-para-pessoa-fisica-e-juridica\/39765","title":{"rendered":"Caixa &#8211; redu\u00e7\u00e3o das taxas de juros para pessoa f\u00edsica e jur\u00eddica"},"content":{"rendered":"<p><img loading=\"lazy\" decoding=\"async\" class=\"alignleft size-full wp-image-34928\" title=\"caixa\" src=\"https:\/\/migracao.redenoticia.com.br\/noticia\/imagens\/caixa.jpg\" alt=\"\" width=\"300\" height=\"193\" srcset=\"https:\/\/migracao.redenoticia.com.br\/noticia\/imagens\/caixa.jpg 300w, https:\/\/migracao.redenoticia.com.br\/noticia\/imagens\/caixa-250x160.jpg 250w, https:\/\/migracao.redenoticia.com.br\/noticia\/imagens\/caixa-150x96.jpg 150w\" sizes=\"auto, (max-width: 300px) 100vw, 300px\" \/>A <em><strong>Caixa<\/strong> <\/em>Econ\u00f4mica Federal promoveu nesta quarta-feira (11) mais uma redu\u00e7\u00e3o de taxas de juros de suas opera\u00e7\u00f5es de cr\u00e9dito. A medida acompanha a queda da taxa Selic anunciada pelo Comit\u00ea de Pol\u00edtica Monet\u00e1ria (Copom). O an\u00fancio tamb\u00e9m d\u00e1 continuidade ao Programa CAIXA Melhor Cr\u00e9dito, que visa \u00e0 democratiza\u00e7\u00e3o do acesso ao cr\u00e9dito para as fam\u00edlias brasileiras e melhores condi\u00e7\u00f5es de financiamento para as empresas.<\/p>\n<p>Para o segmento de cr\u00e9dito \u00e0 Pessoa F\u00edsica, foram reduzidas as taxas das opera\u00e7\u00f5es de Financiamento de Ve\u00edculos e Cr\u00e9dito Aporte CAIXA, o chamado Refinanciamento de Im\u00f3veis ou home equity. Para empresas, a redu\u00e7\u00e3o contempla as opera\u00e7\u00f5es de Capital de Giro com garantia do Fundo Garantidor de Opera\u00e7\u00f5es (FGO).<\/p>\n<p>Pessoa F\u00edsica:<br \/>\nA CAIXA reduziu as taxas de juros de financiamento de ve\u00edculos com o objetivo de refor\u00e7ar o movimento de amplia\u00e7\u00e3o do crescimento da carteira de ve\u00edculos da CAIXA, cujas contrata\u00e7\u00f5es cresceram 55% de abril para junho deste ano.<\/p>\n<p>As taxas, que dependem do prazo, cota de financiamento e ano de fabrica\u00e7\u00e3o do carro, foram reduzidas em todas as faixas. As taxas, que antes variavam de 0,75% a.m. a 1,75% a.m., passam a variar de 0,75% a.m. a 1,63% a.m, a partir da pr\u00f3xima segunda-feira (16).<\/p>\n<p>Para carros novos (0km), com cota de financiamento de at\u00e9 70% do valor do ve\u00edculo e prazo de at\u00e9 60 meses, a taxa m\u00e1xima foi reduzida de 1,65% a.m. para 1,36% a.m. (redu\u00e7\u00e3o de 19% na taxa anualizada). Para uma cota de financiamento de 60%, a taxa, que antes era de 1,59% a.m., foi reduzida para 1,29% a.m. (redu\u00e7\u00e3o de 20,2 % na taxa anualizada).<\/p>\n<p>Para ve\u00edculos com at\u00e9 dois anos de fabrica\u00e7\u00e3o, cota de financiamento de at\u00e9 70% e prazo de at\u00e9 60 meses, a taxa m\u00e1xima caiu de 1,70% a.m. para 1,43% a.m. (redu\u00e7\u00e3o de 17,1% na taxa anualizada).<br \/>\nAl\u00e9m de reduzir as taxas, a CAIXA reafirma seu posicionamento de n\u00e3o cobrar tarifas adicionais, tais como taxa de gravame, avalia\u00e7\u00e3o e registro de contrato.<\/p>\n<p>Para o Cr\u00e9dito Aporte CAIXA, modalidade de empr\u00e9stimo com garantia de im\u00f3vel urbano ou rural, tamb\u00e9m conhecida no mercado como Refinanciamento de Im\u00f3veis ou home equity, as taxas foram reduzidas do intervalo de 1,35% a 1,55% a.m. + TR para 1,31 a 1,51% a.m. + TR e o prazo m\u00e1ximo do empr\u00e9stimo agora pode chegar a at\u00e9 300 meses (25 anos). As novas taxas entram em vigor na pr\u00f3xima semana.<\/p>\n<p>Pessoa Jur\u00eddica:<br \/>\nPara Pessoa Jur\u00eddica, no segmento de Micro e Pequenas Empresas, a redu\u00e7\u00e3o contempla as linhas de Capital de Giro com garantia do FGO \u2013 Fundo Garantidor de Opera\u00e7\u00f5es, que teve as taxas alteradas de 1,27% a.m. a 2,05% a.m. para 1,17% a.m. a 1,71% a.m., o que representa uma redu\u00e7\u00e3o de at\u00e9 18,17% na taxa anualizada. As novas taxas passam a valer a partir da pr\u00f3xima segunda (16).<\/p>\n","protected":false},"excerpt":{"rendered":"<p>A Caixa Econ\u00f4mica Federal promoveu nesta quarta-feira (11) mais uma redu\u00e7\u00e3o de taxas de juros de suas opera\u00e7\u00f5es de cr\u00e9dito. A medida acompanha a queda da taxa Selic anunciada pelo Comit\u00ea de Pol\u00edtica Monet\u00e1ria (Copom). O an\u00fancio tamb\u00e9m d\u00e1 continuidade ao Programa CAIXA Melhor Cr\u00e9dito, que visa \u00e0 democratiza\u00e7\u00e3o do acesso ao cr\u00e9dito para as [&hellip;]<\/p>\n","protected":false},"author":3,"featured_media":34928,"comment_status":"open","ping_status":"closed","sticky":false,"template":"","format":"standard","meta":{"tdm_status":"","tdm_grid_status":"","footnotes":""},"categories":[22,7],"tags":[],"class_list":{"0":"post-39765","1":"post","2":"type-post","3":"status-publish","4":"format-standard","5":"has-post-thumbnail","7":"category-brasil","8":"category-economia"},"_links":{"self":[{"href":"https:\/\/migracao.redenoticia.com.br\/noticia\/wp-json\/wp\/v2\/posts\/39765","targetHints":{"allow":["GET"]}}],"collection":[{"href":"https:\/\/migracao.redenoticia.com.br\/noticia\/wp-json\/wp\/v2\/posts"}],"about":[{"href":"https:\/\/migracao.redenoticia.com.br\/noticia\/wp-json\/wp\/v2\/types\/post"}],"author":[{"embeddable":true,"href":"https:\/\/migracao.redenoticia.com.br\/noticia\/wp-json\/wp\/v2\/users\/3"}],"replies":[{"embeddable":true,"href":"https:\/\/migracao.redenoticia.com.br\/noticia\/wp-json\/wp\/v2\/comments?post=39765"}],"version-history":[{"count":0,"href":"https:\/\/migracao.redenoticia.com.br\/noticia\/wp-json\/wp\/v2\/posts\/39765\/revisions"}],"wp:featuredmedia":[{"embeddable":true,"href":"https:\/\/migracao.redenoticia.com.br\/noticia\/wp-json\/wp\/v2\/media\/34928"}],"wp:attachment":[{"href":"https:\/\/migracao.redenoticia.com.br\/noticia\/wp-json\/wp\/v2\/media?parent=39765"}],"wp:term":[{"taxonomy":"category","embeddable":true,"href":"https:\/\/migracao.redenoticia.com.br\/noticia\/wp-json\/wp\/v2\/categories?post=39765"},{"taxonomy":"post_tag","embeddable":true,"href":"https:\/\/migracao.redenoticia.com.br\/noticia\/wp-json\/wp\/v2\/tags?post=39765"}],"curies":[{"name":"wp","href":"https:\/\/api.w.org\/{rel}","templated":true}]}}