{"id":39782,"date":"2012-07-13T12:57:42","date_gmt":"2012-07-13T15:57:42","guid":{"rendered":"http:\/\/www.redenoticia.com.br\/noticia\/?p=39782"},"modified":"2012-07-13T12:57:42","modified_gmt":"2012-07-13T15:57:42","slug":"mec-divulga-resultado-da-segunda-chamada-do-sisu","status":"publish","type":"post","link":"https:\/\/migracao.redenoticia.com.br\/noticia\/2012\/mec-divulga-resultado-da-segunda-chamada-do-sisu\/39782","title":{"rendered":"MEC divulga resultado da segunda chamada do Sisu"},"content":{"rendered":"<p><img loading=\"lazy\" decoding=\"async\" class=\"alignleft size-full wp-image-22752\" title=\"sisu enem mec\" src=\"https:\/\/migracao.redenoticia.com.br\/noticia\/imagens\/sisu-enem-mec.jpg\" alt=\"\" width=\"300\" height=\"193\" srcset=\"https:\/\/migracao.redenoticia.com.br\/noticia\/imagens\/sisu-enem-mec.jpg 300w, https:\/\/migracao.redenoticia.com.br\/noticia\/imagens\/sisu-enem-mec-250x161.jpg 250w, https:\/\/migracao.redenoticia.com.br\/noticia\/imagens\/sisu-enem-mec-150x97.jpg 150w\" sizes=\"auto, (max-width: 300px) 100vw, 300px\" \/>Bras\u00edlia \u2013 O Minist\u00e9rio da Educa\u00e7\u00e3o (MEC) divulgou o resultado da <em><strong>segunda chamada<\/strong><\/em> do Sistema de Sele\u00e7\u00e3o Unificada (<em><strong>Sisu<\/strong><\/em>). Os candidatos selecionados devem fazer a matr\u00edcula nas institui\u00e7\u00f5es de ensino nos dias 17 e 18 de julho.<\/p>\n<p>A lista de aprovados est\u00e1 dispon\u00edvel no\u00a0<a href=\"http:\/\/sisu.mec.gov.br\/\" rel=\"nofollow\">site\u00a0<\/a><a href=\"http:\/\/sisu.mec.gov.br\/\" rel=\"nofollow\" target=\"_blank\">do MEC<\/a>\u00a0ou pelo telefone 0800-616161. A recomenda\u00e7\u00e3o \u00e9 que os candidatos entrem em contato com a institui\u00e7\u00e3o para saber o local, o hor\u00e1rio e os documentos necess\u00e1rios para fazer a matr\u00edcula.<\/p>\n<p>Quem n\u00e3o for selecionado na segunda chamada poder\u00e1 participar da lista de espera. As inscri\u00e7\u00f5es para a lista come\u00e7am hoje (13) e v\u00e3o at\u00e9 quinta-feira (19). A partir do dia 24 de julho, os candidatos da lista de espera devem entrar em contato com a institui\u00e7\u00e3o de ensino onde requisitaram a vaga para acompanhar a convoca\u00e7\u00e3o de matr\u00edcula.<\/p>\n<p>O Sisu foi criado para unificar a oferta de vagas em universidades p\u00fablicas e institutos federais de Educa\u00e7\u00e3o Profissional, em substitui\u00e7\u00e3o aos vestibulares. As vagas s\u00e3o preenchidas de acordo com a nota do estudante no Exame Nacional do Ensino M\u00e9dio (Enem). Neste ano, 642 mil inscritos no Sisu disputaram mais de 30 mil vagas em 949 cursos e 56 institui\u00e7\u00f5es de ensino.<\/p>\n<p>Da Ag\u00eancia Brasil<br \/>\nEdi\u00e7\u00e3o: Gra\u00e7a Adjuto<\/p>\n","protected":false},"excerpt":{"rendered":"<p>Bras\u00edlia \u2013 O Minist\u00e9rio da Educa\u00e7\u00e3o (MEC) divulgou o resultado da segunda chamada do Sistema de Sele\u00e7\u00e3o Unificada (Sisu). Os candidatos selecionados devem fazer a matr\u00edcula nas institui\u00e7\u00f5es de ensino nos dias 17 e 18 de julho. A lista de aprovados est\u00e1 dispon\u00edvel no\u00a0site\u00a0do MEC\u00a0ou pelo telefone 0800-616161. A recomenda\u00e7\u00e3o \u00e9 que os candidatos entrem [&hellip;]<\/p>\n","protected":false},"author":3,"featured_media":22752,"comment_status":"open","ping_status":"closed","sticky":false,"template":"","format":"standard","meta":{"tdm_status":"","tdm_grid_status":"","footnotes":""},"categories":[22,370,295],"tags":[],"class_list":{"0":"post-39782","1":"post","2":"type-post","3":"status-publish","4":"format-standard","5":"has-post-thumbnail","7":"category-brasil","8":"category-inscricao","9":"category-vestibular"},"_links":{"self":[{"href":"https:\/\/migracao.redenoticia.com.br\/noticia\/wp-json\/wp\/v2\/posts\/39782","targetHints":{"allow":["GET"]}}],"collection":[{"href":"https:\/\/migracao.redenoticia.com.br\/noticia\/wp-json\/wp\/v2\/posts"}],"about":[{"href":"https:\/\/migracao.redenoticia.com.br\/noticia\/wp-json\/wp\/v2\/types\/post"}],"author":[{"embeddable":true,"href":"https:\/\/migracao.redenoticia.com.br\/noticia\/wp-json\/wp\/v2\/users\/3"}],"replies":[{"embeddable":true,"href":"https:\/\/migracao.redenoticia.com.br\/noticia\/wp-json\/wp\/v2\/comments?post=39782"}],"version-history":[{"count":0,"href":"https:\/\/migracao.redenoticia.com.br\/noticia\/wp-json\/wp\/v2\/posts\/39782\/revisions"}],"wp:featuredmedia":[{"embeddable":true,"href":"https:\/\/migracao.redenoticia.com.br\/noticia\/wp-json\/wp\/v2\/media\/22752"}],"wp:attachment":[{"href":"https:\/\/migracao.redenoticia.com.br\/noticia\/wp-json\/wp\/v2\/media?parent=39782"}],"wp:term":[{"taxonomy":"category","embeddable":true,"href":"https:\/\/migracao.redenoticia.com.br\/noticia\/wp-json\/wp\/v2\/categories?post=39782"},{"taxonomy":"post_tag","embeddable":true,"href":"https:\/\/migracao.redenoticia.com.br\/noticia\/wp-json\/wp\/v2\/tags?post=39782"}],"curies":[{"name":"wp","href":"https:\/\/api.w.org\/{rel}","templated":true}]}}