{"id":39783,"date":"2012-07-13T08:57:57","date_gmt":"2012-07-13T11:57:57","guid":{"rendered":"http:\/\/www.redenoticia.com.br\/noticia\/?p=39783"},"modified":"2012-07-13T13:01:24","modified_gmt":"2012-07-13T16:01:24","slug":"pos-doutorado-em-informacao-quantica-com-bolsa-da-fapesp","status":"publish","type":"post","link":"https:\/\/migracao.redenoticia.com.br\/noticia\/2012\/pos-doutorado-em-informacao-quantica-com-bolsa-da-fapesp\/39783","title":{"rendered":"P\u00f3s-doutorado em informa\u00e7\u00e3o qu\u00e2ntica com Bolsa da FAPESP"},"content":{"rendered":"<p><img loading=\"lazy\" decoding=\"async\" class=\"alignleft size-full wp-image-34767\" title=\"bolsa de estudo\" src=\"https:\/\/migracao.redenoticia.com.br\/noticia\/imagens\/bolsa-de-estudo.jpg\" alt=\"\" width=\"300\" height=\"193\" srcset=\"https:\/\/migracao.redenoticia.com.br\/noticia\/imagens\/bolsa-de-estudo.jpg 300w, https:\/\/migracao.redenoticia.com.br\/noticia\/imagens\/bolsa-de-estudo-250x160.jpg 250w, https:\/\/migracao.redenoticia.com.br\/noticia\/imagens\/bolsa-de-estudo-150x96.jpg 150w\" sizes=\"auto, (max-width: 300px) 100vw, 300px\" \/>Ag\u00eancia FAPESP \u2013 O Laborat\u00f3rio de Manipula\u00e7\u00e3o Coerente de <em><strong>\u00c1tomos<\/strong><\/em> e Luz, no Instituto de F\u00edsica da Universidade de S\u00e3o Paulo (USP), busca jovens <em><strong>doutores<\/strong> <\/em>motivados para se juntar ao grupo. Os selecionados receber\u00e3o <em><strong>Bolsa<\/strong><\/em> de P\u00f3s-Doutorado da FAPESP. A pesquisa a ser feita pelos p\u00f3s-doutorandos est\u00e1 vinculada ao Projeto Tem\u00e1tico \u201cInforma\u00e7\u00e3o qu\u00e2ntica com vari\u00e1veis cont\u00ednuas de \u00e1tomos e luz\u201d, coordenado pelo professor Marcelo Martinelli.<\/p>\n<p>O grupo tem estudado a intera\u00e7\u00e3o de luz com meios at\u00f4micos coerentemente preparados em situa\u00e7\u00f5es de Transpar\u00eancia Induzida por Laser e emaranhamento de feixes intensos de luz produzidos por Oscilador Param\u00e9trico \u00d3ptico (OPO).<\/p>\n<p>Entre os objetivos principais do Projeto Tem\u00e1tico est\u00e3o: estudo de um protocolo de distribui\u00e7\u00e3o qu\u00e2ntica de chaves criptogr\u00e1ficas usando feixes g\u00eameos do OPO; realiza\u00e7\u00e3o de teletransporte com convers\u00e3o de cor, usando os feixes g\u00eameos, cujas frequ\u00eancias s\u00e3o distintas; estudar o emaranhamento tripartite recentemente gerado entre os feixes de bombeio, sinal e complementar do OPO; e estudo do fen\u00f4meno de \u201cmorte s\u00fabita de emaranhamento\u201d em vari\u00e1veis cont\u00ednuas, recentemente descoberto pelo grupo.<\/p>\n<p>\u201cTemos mostrado novas implica\u00e7\u00f5es do emaranhamento em vari\u00e1veis cont\u00ednuas em \u00e1tomos e campos e suas aplica\u00e7\u00f5es para comunica\u00e7\u00e3o e informa\u00e7\u00e3o qu\u00e2nticas. Somos membros da rede nacional INCT \u2013 Informa\u00e7\u00e3o Qu\u00e2ntica e mantemos parcerias com laborat\u00f3rios no Brasil e no exterior\u201d, destacou Martinelli.<\/p>\n<p>Uma lista completa de publica\u00e7\u00f5es recentes do grupo pode ser conferida no endere\u00e7o: <a href=\"http:\/\/lattes.cnpq.br\/3753627053150603\" target=\"_blank\">http:\/\/lattes.cnpq.br\/3753627053150603<\/a>.<\/p>\n<p>Interessados devem procurar os professores Marcelo Martinelli (mmartine@if.usp.br) ou Paulo Nussenzveig ( nussen@if.usp.br), enviando curr\u00edculos at\u00e9 o dia 20 de julho de 2012.<\/p>\n<p>A vaga est\u00e1 aberta a brasileiros e estrangeiros. O selecionado receber\u00e1 Bolsa de P\u00f3s-Doutorado da FAPESP (no valor de R$ 5.578,80 mensais) e Reserva T\u00e9cnica. A Reserva T\u00e9cnica de Bolsa de PD equivale a 15% do valor anual da bolsa e tem o objetivo de atender a despesas imprevistas e diretamente relacionadas \u00e0 atividade de pesquisa.<\/p>\n<p>O bolsista de PD, caso resida em domic\u00edlio diferente e precise se mudar para a cidade onde se localiza a institui\u00e7\u00e3o sede da pesquisa, poder\u00e1 ter direito a um Aux\u00edlio Instala\u00e7\u00e3o. Mais informa\u00e7\u00f5es sobre a Bolsa de P\u00f3s-Doutorado da FAPESP est\u00e3o dispon\u00edveis em <a href=\"http:\/\/www.fapesp.br\/bolsas\/pd\" target=\"_blank\">www.fapesp.br\/bolsas\/pd<\/a>.<\/p>\n<p>Outras vagas de Bolsas de P\u00f3s-Doutorado, em diversas \u00e1reas do conhecimento, est\u00e3o no site FAPESP-Oportunidades, em <a href=\"http:\/\/www.fapesp.br\/oportunidades\" target=\"_blank\">www.fapesp.br\/oportunidades<\/a>.<\/p>\n","protected":false},"excerpt":{"rendered":"<p>Ag\u00eancia FAPESP \u2013 O Laborat\u00f3rio de Manipula\u00e7\u00e3o Coerente de \u00c1tomos e Luz, no Instituto de F\u00edsica da Universidade de S\u00e3o Paulo (USP), busca jovens doutores motivados para se juntar ao grupo. Os selecionados receber\u00e3o Bolsa de P\u00f3s-Doutorado da FAPESP. A pesquisa a ser feita pelos p\u00f3s-doutorandos est\u00e1 vinculada ao Projeto Tem\u00e1tico \u201cInforma\u00e7\u00e3o qu\u00e2ntica com vari\u00e1veis [&hellip;]<\/p>\n","protected":false},"author":3,"featured_media":34767,"comment_status":"open","ping_status":"closed","sticky":false,"template":"","format":"standard","meta":{"tdm_status":"","tdm_grid_status":"","footnotes":""},"categories":[22,370,353],"tags":[],"class_list":{"0":"post-39783","1":"post","2":"type-post","3":"status-publish","4":"format-standard","5":"has-post-thumbnail","7":"category-brasil","8":"category-inscricao","9":"category-oportunidades"},"_links":{"self":[{"href":"https:\/\/migracao.redenoticia.com.br\/noticia\/wp-json\/wp\/v2\/posts\/39783","targetHints":{"allow":["GET"]}}],"collection":[{"href":"https:\/\/migracao.redenoticia.com.br\/noticia\/wp-json\/wp\/v2\/posts"}],"about":[{"href":"https:\/\/migracao.redenoticia.com.br\/noticia\/wp-json\/wp\/v2\/types\/post"}],"author":[{"embeddable":true,"href":"https:\/\/migracao.redenoticia.com.br\/noticia\/wp-json\/wp\/v2\/users\/3"}],"replies":[{"embeddable":true,"href":"https:\/\/migracao.redenoticia.com.br\/noticia\/wp-json\/wp\/v2\/comments?post=39783"}],"version-history":[{"count":0,"href":"https:\/\/migracao.redenoticia.com.br\/noticia\/wp-json\/wp\/v2\/posts\/39783\/revisions"}],"wp:featuredmedia":[{"embeddable":true,"href":"https:\/\/migracao.redenoticia.com.br\/noticia\/wp-json\/wp\/v2\/media\/34767"}],"wp:attachment":[{"href":"https:\/\/migracao.redenoticia.com.br\/noticia\/wp-json\/wp\/v2\/media?parent=39783"}],"wp:term":[{"taxonomy":"category","embeddable":true,"href":"https:\/\/migracao.redenoticia.com.br\/noticia\/wp-json\/wp\/v2\/categories?post=39783"},{"taxonomy":"post_tag","embeddable":true,"href":"https:\/\/migracao.redenoticia.com.br\/noticia\/wp-json\/wp\/v2\/tags?post=39783"}],"curies":[{"name":"wp","href":"https:\/\/api.w.org\/{rel}","templated":true}]}}