{"id":39815,"date":"2012-07-16T10:48:51","date_gmt":"2012-07-16T13:48:51","guid":{"rendered":"http:\/\/www.redenoticia.com.br\/noticia\/?p=39815"},"modified":"2012-07-16T10:48:51","modified_gmt":"2012-07-16T13:48:51","slug":"analistas-elevam-estimativa-de-inflacao-para-487-em-2012","status":"publish","type":"post","link":"https:\/\/migracao.redenoticia.com.br\/noticia\/2012\/analistas-elevam-estimativa-de-inflacao-para-487-em-2012\/39815","title":{"rendered":"Analistas elevam estimativa de infla\u00e7\u00e3o para 4,87% em 2012"},"content":{"rendered":"<p><img loading=\"lazy\" decoding=\"async\" class=\"alignleft size-full wp-image-34916\" title=\"inflacao\" src=\"https:\/\/migracao.redenoticia.com.br\/noticia\/imagens\/inflacao.jpg\" alt=\"\" width=\"300\" height=\"193\" srcset=\"https:\/\/migracao.redenoticia.com.br\/noticia\/imagens\/inflacao.jpg 300w, https:\/\/migracao.redenoticia.com.br\/noticia\/imagens\/inflacao-250x160.jpg 250w, https:\/\/migracao.redenoticia.com.br\/noticia\/imagens\/inflacao-150x96.jpg 150w\" sizes=\"auto, (max-width: 300px) 100vw, 300px\" \/>Bras\u00edlia \u2013 Depois de oito semanas em queda, a proje\u00e7\u00e3o de institui\u00e7\u00f5es financeiras para a<em><strong> infla\u00e7\u00e3o<\/strong><\/em> este ano foi levemente ajustada para cima. A estimativa para o \u00cdndice Nacional de Pre\u00e7os ao Consumidor Amplo (IPCA) passou de 4,85% para 4,87%, segundo o boletim Focus, pesquisa semanal do Banco Central (BC) feita a analistas das institui\u00e7\u00f5es financeiras e divulgada toda segunda-feira. Para 2013, a proje\u00e7\u00e3o de 5,5% \u00e9 mantida h\u00e1 tr\u00eas semanas.<\/p>\n<p>O IPCA \u00e9 o \u00edndice escolhido pelo governo para acompanhar a meta de infla\u00e7\u00e3o. Essa meta tem como centro 4,5% e margem dois pontos percentuais para mais ou para menos. Cabe ao BC perseguir a meta de infla\u00e7\u00e3o e um dos instrumentos para calibrar os pre\u00e7os e influenciar a atividade econ\u00f4mica s\u00e3o as altera\u00e7\u00f5es na taxa b\u00e1sica de juros, a Selic.<\/p>\n<p>O Comit\u00ea de Pol\u00edtica Monet\u00e1ria (Copom) do BC tem reduzido a taxa b\u00e1sica como forma de estimular a atividade econ\u00f4mica brasileira, que enfrenta efeitos da crise econ\u00f4mica internacional. No \u00faltimo dia 11, a Selic sofreu um corte de 0,5 ponto percentual, para 8% ao ano, o menor n\u00edvel desde que a atual pol\u00edtica monet\u00e1ria foi adotada, no in\u00edcio de 1999. Os analistas ainda esperam por novo corte de 0,5 ponto percentual. Assim, a taxa encerr\u00e1 2012 em 7,5% ao ano. Para 2013, a expectativa das institui\u00e7\u00f5es financeiras \u00e9 que a Selic volte ao patamar de 8,5% ao ano.<\/p>\n<p>A pesquisa do BC tamb\u00e9m traz estimativa para o \u00cdndice de Pre\u00e7os ao Consumidor da Funda\u00e7\u00e3o Instituto de Pesquisas Econ\u00f4micas (IPC-Fipe), com proje\u00e7\u00f5es mantidas em 4,51%, este ano, e em 4,85%, em 2013.<\/p>\n<p>A expectativa para o \u00cdndice Geral de Pre\u00e7os \u2013 Disponibilidade Interna (IGP-DI) passou de 6,19% para 6,33%, este ano, e segue em 4,9%, em 2013. Para o \u00cdndice Geral de Pre\u00e7os de Mercado (IGP-M), a proje\u00e7\u00e3o passou de 6,09% para 6,18%, em 2012, e permanece em 5%, no pr\u00f3ximo ano.<\/p>\n<p>A estimativa dos analistas para os pre\u00e7os administrados passou de 3,5% para 3,6%, neste ano, e foi mantida em 4,5%, em 2013.<\/p>\n<p>Hoje o boletim Focus foi publicado com atraso de cerca de uma hora pelo BC, devido a problemas t\u00e9cnicos. Geralmente, o boletim \u00e9 divulgado por volta das 8h30.<\/p>\n<p>Kelly Oliveira<br \/>\nRep\u00f3rter da Ag\u00eancia Brasil<\/p>\n<p>Edi\u00e7\u00e3o: L\u00edlian Beraldo<\/p>\n","protected":false},"excerpt":{"rendered":"<p>Bras\u00edlia \u2013 Depois de oito semanas em queda, a proje\u00e7\u00e3o de institui\u00e7\u00f5es financeiras para a infla\u00e7\u00e3o este ano foi levemente ajustada para cima. A estimativa para o \u00cdndice Nacional de Pre\u00e7os ao Consumidor Amplo (IPCA) passou de 4,85% para 4,87%, segundo o boletim Focus, pesquisa semanal do Banco Central (BC) feita a analistas das institui\u00e7\u00f5es [&hellip;]<\/p>\n","protected":false},"author":3,"featured_media":34916,"comment_status":"open","ping_status":"closed","sticky":false,"template":"","format":"standard","meta":{"tdm_status":"","tdm_grid_status":"","footnotes":""},"categories":[22,7],"tags":[],"class_list":{"0":"post-39815","1":"post","2":"type-post","3":"status-publish","4":"format-standard","5":"has-post-thumbnail","7":"category-brasil","8":"category-economia"},"_links":{"self":[{"href":"https:\/\/migracao.redenoticia.com.br\/noticia\/wp-json\/wp\/v2\/posts\/39815","targetHints":{"allow":["GET"]}}],"collection":[{"href":"https:\/\/migracao.redenoticia.com.br\/noticia\/wp-json\/wp\/v2\/posts"}],"about":[{"href":"https:\/\/migracao.redenoticia.com.br\/noticia\/wp-json\/wp\/v2\/types\/post"}],"author":[{"embeddable":true,"href":"https:\/\/migracao.redenoticia.com.br\/noticia\/wp-json\/wp\/v2\/users\/3"}],"replies":[{"embeddable":true,"href":"https:\/\/migracao.redenoticia.com.br\/noticia\/wp-json\/wp\/v2\/comments?post=39815"}],"version-history":[{"count":0,"href":"https:\/\/migracao.redenoticia.com.br\/noticia\/wp-json\/wp\/v2\/posts\/39815\/revisions"}],"wp:featuredmedia":[{"embeddable":true,"href":"https:\/\/migracao.redenoticia.com.br\/noticia\/wp-json\/wp\/v2\/media\/34916"}],"wp:attachment":[{"href":"https:\/\/migracao.redenoticia.com.br\/noticia\/wp-json\/wp\/v2\/media?parent=39815"}],"wp:term":[{"taxonomy":"category","embeddable":true,"href":"https:\/\/migracao.redenoticia.com.br\/noticia\/wp-json\/wp\/v2\/categories?post=39815"},{"taxonomy":"post_tag","embeddable":true,"href":"https:\/\/migracao.redenoticia.com.br\/noticia\/wp-json\/wp\/v2\/tags?post=39815"}],"curies":[{"name":"wp","href":"https:\/\/api.w.org\/{rel}","templated":true}]}}