{"id":39818,"date":"2012-07-16T11:23:59","date_gmt":"2012-07-16T14:23:59","guid":{"rendered":"http:\/\/www.redenoticia.com.br\/noticia\/?p=39818"},"modified":"2012-07-16T11:23:59","modified_gmt":"2012-07-16T14:23:59","slug":"tempo-fica-instavel-em-sp-ate-quarta-feira-e-frio-nao-da-tregua","status":"publish","type":"post","link":"https:\/\/migracao.redenoticia.com.br\/noticia\/2012\/tempo-fica-instavel-em-sp-ate-quarta-feira-e-frio-nao-da-tregua\/39818","title":{"rendered":"Tempo fica inst\u00e1vel em SP at\u00e9 quarta-feira e frio n\u00e3o d\u00e1 tr\u00e9gua"},"content":{"rendered":"<p><img loading=\"lazy\" decoding=\"async\" class=\"alignleft size-full wp-image-28410\" title=\"previsao do tempo temperatura\" src=\"https:\/\/migracao.redenoticia.com.br\/noticia\/imagens\/previsao-do-tempo-temperatura.jpg\" alt=\"\" width=\"300\" height=\"193\" srcset=\"https:\/\/migracao.redenoticia.com.br\/noticia\/imagens\/previsao-do-tempo-temperatura.jpg 300w, https:\/\/migracao.redenoticia.com.br\/noticia\/imagens\/previsao-do-tempo-temperatura-250x160.jpg 250w, https:\/\/migracao.redenoticia.com.br\/noticia\/imagens\/previsao-do-tempo-temperatura-150x96.jpg 150w\" sizes=\"auto, (max-width: 300px) 100vw, 300px\" \/>Ap\u00f3s um fim de semana t\u00edpico de inverno, seco e frio, em <em><strong>S\u00e3o Paulo<\/strong><\/em>, a semana come\u00e7a com<em><strong> tempo<\/strong><\/em> inst\u00e1vel. Neste fim de semana, a cidade registrou as menores temperaturas do ano, sendo 8,9\u00b0C no s\u00e1bado e 8,8\u00b0C no domingo.<\/p>\n<p>Desde o fim da noite de ontem, os ventos que sopram do mar voltaram a causar chuviscos na Capital e a nebulosidade impediu que a temperatura ca\u00edsse tanto. Por isso, a m\u00ednima desta segunda-feira ficou na casa dos 12\u00b0C no aeroporto de Congonhas, na zona sul da cidade. Segundo previs\u00e3o da Somar, o dia segue com chuva fraca alternada com per\u00edodos de melhoria na Capital e a temperatura n\u00e3o deve passar dos 16\u00b0C.<\/p>\n<p>Amanh\u00e3, uma \u00e1rea de baixa press\u00e3o atmosf\u00e9rica causa chuva moderada e de longa dura\u00e7\u00e3o na Grande S\u00e3o Paulo, algo que favorece elevado acumulado e forma\u00e7\u00e3o de alagamentos. A chuva forte ocorre preferencialmente entre o meio da tarde e o decorrer da noite desta ter\u00e7a-feira. O frio n\u00e3o d\u00e1 tr\u00e9gua e os term\u00f4metros devem ficar entre m\u00ednima 13\u00b0C e m\u00e1xima de 20\u00b0C.<\/p>\n<p>Para quarta-feira, a previs\u00e3o ainda \u00e9 de chuva moderada e de longa dura\u00e7\u00e3o, algo que favorece elevado acumulado e alagamentos intransit\u00e1veis na Grande S\u00e3o Paulo, sendo que a chuva forte ocorre preferencialmente na madrugada desta quarta-feira. O dia tamb\u00e9m ser\u00e1 gelado, com valores entre 12\u00b0C e 19\u00b0C.<\/p>\n<p>A partir de quinta-feira, a previs\u00e3o \u00e9 de tempo seco na cidade de S\u00e3o Paulo e tamb\u00e9m em todo o Estado de S\u00e3o Paulo, mas as temperaturas permanecem baixas, oscilando entre m\u00ednima de 11\u00b0C e m\u00e1xima abaixo dos 20\u00b0C na Capital. No fim de semana, a temperatura volta a subir e pode at\u00e9 fazer calor de 27\u00b0C na cidade.<\/p>\n<p>Chuvas pelo Estado<br \/>\nA umidade que vem do mar causa chuva moderada e constante nesta segunda-feira, com potencial para forma\u00e7\u00e3o de alagamentos no litoral norte de S\u00e3o Paulo, entre Ubatuba e Caraguatatuba, e tamb\u00e9m na regi\u00e3o da Serra da Bocaina.<\/p>\n<p>Amanh\u00e3, a forma\u00e7\u00e3o de um ciclone extratropical causa chuva forte e constante no centro, sul e leste de S\u00e3o Paulo, \u00e1rea que engloba todo o litoral, Grande S\u00e3o Paulo, Vales do Para\u00edba e Ribeira, Itapetininga, Sorocaba, Campinas e Campos do Jord\u00e3o.<\/p>\n<p>Na quarta-feira j\u00e1 n\u00e3o chove como na ter\u00e7a-feira, mas mesmo assim, ainda h\u00e1 potencial para alagamentos intransit\u00e1veis em todo o litoral de S\u00e3o Paulo.<\/p>\n","protected":false},"excerpt":{"rendered":"<p>Ap\u00f3s um fim de semana t\u00edpico de inverno, seco e frio, em S\u00e3o Paulo, a semana come\u00e7a com tempo inst\u00e1vel. Neste fim de semana, a cidade registrou as menores temperaturas do ano, sendo 8,9\u00b0C no s\u00e1bado e 8,8\u00b0C no domingo. Desde o fim da noite de ontem, os ventos que sopram do mar voltaram a [&hellip;]<\/p>\n","protected":false},"author":3,"featured_media":28410,"comment_status":"open","ping_status":"closed","sticky":false,"template":"","format":"standard","meta":{"tdm_status":"","tdm_grid_status":"","footnotes":""},"categories":[22,327],"tags":[],"class_list":{"0":"post-39818","1":"post","2":"type-post","3":"status-publish","4":"format-standard","5":"has-post-thumbnail","7":"category-brasil","8":"category-clima"},"_links":{"self":[{"href":"https:\/\/migracao.redenoticia.com.br\/noticia\/wp-json\/wp\/v2\/posts\/39818","targetHints":{"allow":["GET"]}}],"collection":[{"href":"https:\/\/migracao.redenoticia.com.br\/noticia\/wp-json\/wp\/v2\/posts"}],"about":[{"href":"https:\/\/migracao.redenoticia.com.br\/noticia\/wp-json\/wp\/v2\/types\/post"}],"author":[{"embeddable":true,"href":"https:\/\/migracao.redenoticia.com.br\/noticia\/wp-json\/wp\/v2\/users\/3"}],"replies":[{"embeddable":true,"href":"https:\/\/migracao.redenoticia.com.br\/noticia\/wp-json\/wp\/v2\/comments?post=39818"}],"version-history":[{"count":0,"href":"https:\/\/migracao.redenoticia.com.br\/noticia\/wp-json\/wp\/v2\/posts\/39818\/revisions"}],"wp:featuredmedia":[{"embeddable":true,"href":"https:\/\/migracao.redenoticia.com.br\/noticia\/wp-json\/wp\/v2\/media\/28410"}],"wp:attachment":[{"href":"https:\/\/migracao.redenoticia.com.br\/noticia\/wp-json\/wp\/v2\/media?parent=39818"}],"wp:term":[{"taxonomy":"category","embeddable":true,"href":"https:\/\/migracao.redenoticia.com.br\/noticia\/wp-json\/wp\/v2\/categories?post=39818"},{"taxonomy":"post_tag","embeddable":true,"href":"https:\/\/migracao.redenoticia.com.br\/noticia\/wp-json\/wp\/v2\/tags?post=39818"}],"curies":[{"name":"wp","href":"https:\/\/api.w.org\/{rel}","templated":true}]}}