{"id":39819,"date":"2012-07-16T11:26:27","date_gmt":"2012-07-16T14:26:27","guid":{"rendered":"http:\/\/www.redenoticia.com.br\/noticia\/?p=39819"},"modified":"2012-07-16T11:27:06","modified_gmt":"2012-07-16T14:27:06","slug":"sisu-matricula-na-terca-17-e-na-quarta-18","status":"publish","type":"post","link":"https:\/\/migracao.redenoticia.com.br\/noticia\/2012\/sisu-matricula-na-terca-17-e-na-quarta-18\/39819","title":{"rendered":"Sisu &#8211; matr\u00edcula na ter\u00e7a, 17, e na quarta, 18"},"content":{"rendered":"<p><img loading=\"lazy\" decoding=\"async\" class=\"alignleft size-full wp-image-22752\" title=\"sisu enem mec\" src=\"https:\/\/migracao.redenoticia.com.br\/noticia\/imagens\/sisu-enem-mec.jpg\" alt=\"\" width=\"300\" height=\"193\" srcset=\"https:\/\/migracao.redenoticia.com.br\/noticia\/imagens\/sisu-enem-mec.jpg 300w, https:\/\/migracao.redenoticia.com.br\/noticia\/imagens\/sisu-enem-mec-250x161.jpg 250w, https:\/\/migracao.redenoticia.com.br\/noticia\/imagens\/sisu-enem-mec-150x97.jpg 150w\" sizes=\"auto, (max-width: 300px) 100vw, 300px\" \/>O candidato convocado na segunda chamada do Sistema de Sele\u00e7\u00e3o Unificada (<em><strong>Sisu<\/strong><\/em>) do Minist\u00e9rio da Educa\u00e7\u00e3o tem esta ter\u00e7a-feira, 17, e a quarta, 18, para procurar a institui\u00e7\u00e3o de educa\u00e7\u00e3o superior para a qual foi selecionado e providenciar a <em><strong>matr\u00edcula<\/strong><\/em>. O resultado da segunda convoca\u00e7\u00e3o pode ser conferido na p\u00e1gina do sistema na internet.<\/p>\n<p>Os estudantes n\u00e3o selecionados nas duas primeiras chamadas ter\u00e3o nova chance, caso optem por integrar a lista de espera do sistema. A ades\u00e3o deve ser feita at\u00e9 quinta-feira, 19. A convoca\u00e7\u00e3o, pelas institui\u00e7\u00f5es, dos candidatos dessa lista ocorrer\u00e1 a partir do dia 24.<\/p>\n<p>No per\u00edodo de matr\u00edculas do processo deste segundo semestre, o sistema registrou 642.878 candidatos \u00e0s 30.548 vagas oferecidas em 56 institui\u00e7\u00f5es de educa\u00e7\u00e3o superior p\u00fablicas de 21 unidades da Federa\u00e7\u00e3o. Foram feitas 1.245.437 inscri\u00e7\u00f5es \u2014 cada candidato poderia optar por at\u00e9 dois cursos. O Sisu \u00e9 o sistema informatizado do Minist\u00e9rio da Educa\u00e7\u00e3o pelo qual institui\u00e7\u00f5es p\u00fablicas de ensino superior oferecem vagas a candidatos participantes do Exame Nacional de Ensino M\u00e9dio (Enem).<\/p>\n<p>O candidato deve conferir na\u00a0<a href=\"http:\/\/sisu.mec.gov.br\/selecionados\" target=\"_blank\">p\u00e1gina do Sisu<\/a>\u00a0na internet se foi selecionado na segunda chamada. Caso tenha problemas para se matricular, deve entrar em contato com o MEC, pelo telefone 0800-616161.<\/p>\n<p>Assessoria de Comunica\u00e7\u00e3o Social<\/p>\n","protected":false},"excerpt":{"rendered":"<p>O candidato convocado na segunda chamada do Sistema de Sele\u00e7\u00e3o Unificada (Sisu) do Minist\u00e9rio da Educa\u00e7\u00e3o tem esta ter\u00e7a-feira, 17, e a quarta, 18, para procurar a institui\u00e7\u00e3o de educa\u00e7\u00e3o superior para a qual foi selecionado e providenciar a matr\u00edcula. O resultado da segunda convoca\u00e7\u00e3o pode ser conferido na p\u00e1gina do sistema na internet. Os [&hellip;]<\/p>\n","protected":false},"author":3,"featured_media":22752,"comment_status":"open","ping_status":"closed","sticky":false,"template":"","format":"standard","meta":{"tdm_status":"","tdm_grid_status":"","footnotes":""},"categories":[22,370,295],"tags":[],"class_list":{"0":"post-39819","1":"post","2":"type-post","3":"status-publish","4":"format-standard","5":"has-post-thumbnail","7":"category-brasil","8":"category-inscricao","9":"category-vestibular"},"_links":{"self":[{"href":"https:\/\/migracao.redenoticia.com.br\/noticia\/wp-json\/wp\/v2\/posts\/39819","targetHints":{"allow":["GET"]}}],"collection":[{"href":"https:\/\/migracao.redenoticia.com.br\/noticia\/wp-json\/wp\/v2\/posts"}],"about":[{"href":"https:\/\/migracao.redenoticia.com.br\/noticia\/wp-json\/wp\/v2\/types\/post"}],"author":[{"embeddable":true,"href":"https:\/\/migracao.redenoticia.com.br\/noticia\/wp-json\/wp\/v2\/users\/3"}],"replies":[{"embeddable":true,"href":"https:\/\/migracao.redenoticia.com.br\/noticia\/wp-json\/wp\/v2\/comments?post=39819"}],"version-history":[{"count":0,"href":"https:\/\/migracao.redenoticia.com.br\/noticia\/wp-json\/wp\/v2\/posts\/39819\/revisions"}],"wp:featuredmedia":[{"embeddable":true,"href":"https:\/\/migracao.redenoticia.com.br\/noticia\/wp-json\/wp\/v2\/media\/22752"}],"wp:attachment":[{"href":"https:\/\/migracao.redenoticia.com.br\/noticia\/wp-json\/wp\/v2\/media?parent=39819"}],"wp:term":[{"taxonomy":"category","embeddable":true,"href":"https:\/\/migracao.redenoticia.com.br\/noticia\/wp-json\/wp\/v2\/categories?post=39819"},{"taxonomy":"post_tag","embeddable":true,"href":"https:\/\/migracao.redenoticia.com.br\/noticia\/wp-json\/wp\/v2\/tags?post=39819"}],"curies":[{"name":"wp","href":"https:\/\/api.w.org\/{rel}","templated":true}]}}