{"id":3984,"date":"2009-06-27T19:42:46","date_gmt":"2009-06-27T23:42:46","guid":{"rendered":"http:\/\/www.redenoticia.com.br\/noticia\/?p=3984"},"modified":"2009-06-27T19:42:46","modified_gmt":"2009-06-27T23:42:46","slug":"ji-parana-recebera-duas-unidades-do-samu-ate-2010","status":"publish","type":"post","link":"https:\/\/migracao.redenoticia.com.br\/noticia\/2009\/ji-parana-recebera-duas-unidades-do-samu-ate-2010\/3984","title":{"rendered":"Ji-Paran\u00e1 receber\u00e1 duas unidades do SAMU at\u00e9 2010"},"content":{"rendered":"<p>At\u00e9 2010 Ji-Paran\u00e1 receber\u00e1 do Governo Federal duas unidades equipadas para prestar socorro em toda a regi\u00e3o atendida pelo Hospital Municipal.<\/p>\n<p>O Servi\u00e7o de Atendimento M\u00f3vel de Urg\u00eancia (SAMU) \u00e9 um programa do Minist\u00e9rio da Sa\u00fade que tem como finalidade prestar o socorro \u00e0 popula\u00e7\u00e3o em casos de emerg\u00eancia.<\/p>\n<p>Em Rond\u00f4nia, Porto Velho j\u00e1 \u00e9 atendida por este servi\u00e7o. Entre as outras capitais brasileiras, o SAMU est\u00e1 presente em Aracaju, Bel\u00e9m, Belo Horizonte, Bras\u00edlia, Campo Grande, Cuiab\u00e1, Curitiba, Florian\u00f3polis, Fortaleza, Goi\u00e2nia, Jo\u00e3o Pessoa, Macei\u00f3, Manaus, Macap\u00e1, Natal, Palmas, Porto Alegre, Recife, Rio Branco, Rio de Janeiro, Salvador, S\u00e3o Lu\u00eds, S\u00e3o Paulo, Teresina e Vit\u00f3ria.<\/p>\n<p>O SAMU poder\u00e1 ser acionado atrav\u00e9s do telefone 192 (liga\u00e7\u00e3o gratuita):<\/p>\n<p>* Na ocorr\u00eancia de problemas cardio-respirat\u00f3rios<br \/>\n* Em casos de Intoxica\u00e7\u00e3o ex\u00f3gena<br \/>\n* Em caso de queimaduras graves<br \/>\n* Na ocorr\u00eancia de maus tratos<br \/>\n* Em trabalhos de parto onde haja risco de morte da m\u00e3e ou do feto<br \/>\n* Em casos de tentativas de suic\u00eddio<br \/>\n* Em crises hipertensivas<br \/>\n* Quando houver acidentes\/trauma com v\u00edtimas<br \/>\n* Em casos de afogamentos<br \/>\n* Em casos de choque el\u00e9trico<br \/>\n* Em acidentes com produtos perigosos<br \/>\n* Na transfer\u00eancia inter-hospitalar de doentes com risco de morte<\/p>\n<p>Atualmente, a rede nacional SAMU conta com 146 Servi\u00e7os de Atendimento M\u00f3vel de Urg\u00eancia no Brasil. Ao todo, 1.269 munic\u00edpios s\u00e3o atendidos pelo SAMU.<\/p>\n<p>O governo federal entrar\u00e1 com uma contrapartida mensal a munic\u00edpios e estados com projetos aprovados de SAMU, bancando 50% do custeio mensal desses servi\u00e7os.<\/p>\n<p>Al\u00e9m do SAMU, Ji-Paran\u00e1 contar\u00e1 com duas Unidades de Pronto Atendimento (UPA 24h), as quais ser\u00e3o instaladas nos dois distritos do munic\u00edpio.<\/p>\n<p>UPA s\u00e3o estruturas de complexidade intermedi\u00e1ria entre as Unidades B\u00e1sicas de Sa\u00fade e as portas de urg\u00eancia hospitalares, onde em conjunto com estas comp\u00f5e uma rede organizada de Aten\u00e7\u00e3o \u00e0s Urg\u00eancias.<\/p>\n","protected":false},"excerpt":{"rendered":"<p>At\u00e9 2010 Ji-Paran\u00e1 receber\u00e1 do Governo Federal duas unidades equipadas para prestar socorro em toda a regi\u00e3o atendida pelo Hospital Municipal. O Servi\u00e7o de Atendimento M\u00f3vel de Urg\u00eancia (SAMU) \u00e9 um programa do Minist\u00e9rio da Sa\u00fade que tem como finalidade prestar o socorro \u00e0 popula\u00e7\u00e3o em casos de emerg\u00eancia. Em Rond\u00f4nia, Porto Velho j\u00e1 \u00e9 [&hellip;]<\/p>\n","protected":false},"author":3,"featured_media":0,"comment_status":"open","ping_status":"open","sticky":false,"template":"","format":"standard","meta":{"tdm_status":"","tdm_grid_status":"","footnotes":""},"categories":[5],"tags":[],"class_list":{"0":"post-3984","1":"post","2":"type-post","3":"status-publish","4":"format-standard","6":"category-saude-e-vida"},"_links":{"self":[{"href":"https:\/\/migracao.redenoticia.com.br\/noticia\/wp-json\/wp\/v2\/posts\/3984","targetHints":{"allow":["GET"]}}],"collection":[{"href":"https:\/\/migracao.redenoticia.com.br\/noticia\/wp-json\/wp\/v2\/posts"}],"about":[{"href":"https:\/\/migracao.redenoticia.com.br\/noticia\/wp-json\/wp\/v2\/types\/post"}],"author":[{"embeddable":true,"href":"https:\/\/migracao.redenoticia.com.br\/noticia\/wp-json\/wp\/v2\/users\/3"}],"replies":[{"embeddable":true,"href":"https:\/\/migracao.redenoticia.com.br\/noticia\/wp-json\/wp\/v2\/comments?post=3984"}],"version-history":[{"count":0,"href":"https:\/\/migracao.redenoticia.com.br\/noticia\/wp-json\/wp\/v2\/posts\/3984\/revisions"}],"wp:attachment":[{"href":"https:\/\/migracao.redenoticia.com.br\/noticia\/wp-json\/wp\/v2\/media?parent=3984"}],"wp:term":[{"taxonomy":"category","embeddable":true,"href":"https:\/\/migracao.redenoticia.com.br\/noticia\/wp-json\/wp\/v2\/categories?post=3984"},{"taxonomy":"post_tag","embeddable":true,"href":"https:\/\/migracao.redenoticia.com.br\/noticia\/wp-json\/wp\/v2\/tags?post=3984"}],"curies":[{"name":"wp","href":"https:\/\/api.w.org\/{rel}","templated":true}]}}