{"id":4002,"date":"2009-06-28T13:41:10","date_gmt":"2009-06-28T17:41:10","guid":{"rendered":"http:\/\/www.redenoticia.com.br\/noticia\/?p=4002"},"modified":"2009-06-28T13:41:10","modified_gmt":"2009-06-28T17:41:10","slug":"seficminc-divulga-o-resultado-da-166%c2%aa-reuniao-da-comissao-nacional-de-incentivo-a-cultura","status":"publish","type":"post","link":"https:\/\/migracao.redenoticia.com.br\/noticia\/2009\/seficminc-divulga-o-resultado-da-166%c2%aa-reuniao-da-comissao-nacional-de-incentivo-a-cultura\/4002","title":{"rendered":"Sefic\/MinC divulga o resultado da 166\u00aa Reuni\u00e3o da Comiss\u00e3o Nacional de Incentivo \u00e0 Cultura"},"content":{"rendered":"<p>O Minist\u00e9rio da Cultura, por meio da Secretaria de Incentivo e Fomento \u00e0 Cultura, divulga a rela\u00e7\u00e3o dos pareceres dos projetos culturais analisados durante a 166\u00aa Sess\u00e3o da Comiss\u00e3o Nacional de Incentivo \u00e0 Cultura (CNIC) realizada na \u00faltima quarta-feira, 24 de junho. Dos 563 projetos culturais apresentados para delibera\u00e7\u00e3o dos conselheiros, 474 foram aprovados, 29 indeferidos, 22 n\u00e3o analisados e 38 retirados da pauta.<\/p>\n<p>Os projetos aprovados estar\u00e3o autorizados a captar recursos t\u00e3o logo seja publicada a portaria de aprova\u00e7\u00e3o no Di\u00e1rio Oficial da Uni\u00e3o, condicionada ao envio dos comprovantes da regularidade fiscal dos proponentes. As certid\u00f5es negativas, portanto, j\u00e1 devem ser encaminhadas, para agilizar a tramita\u00e7\u00e3o, observando-se que s\u00f3 ser\u00e3o aceitas se dentro do prazo de validade.<\/p>\n<p><a href=\"http:\/\/www.cultura.gov.br\/site\/wp-content\/uploads\/2009\/06\/cnic166c2aa.pdf\" target=\"_blank\">Confira a rela\u00e7\u00e3o dos pareceres<\/a><\/p>\n<p><strong>Diversidade de Propostas<\/strong><\/p>\n<p>A 166\u00aa Reuni\u00e3o da CNIC exemplificou, mais uma vez, a variedade tem\u00e1tica dos projetos aprovados. <em>S\u00e3o Jo\u00e3o de Maracanau 2009 &#8211; Festival \u00a0de Bandas de Forr\u00f3<\/em>, <em>Cine-Show: M\u00e1scara Mambembe<\/em>, <em>Teatro a Bordo &#8211; Circula\u00e7\u00e3o S\u00e3o Paulo<\/em>, <em>Circo Voador Digital<\/em>, <em>Arte Naif &#8211; Com A\u00e7ucar e com Afeto<\/em>, <em>Oui Brasil &#8211; Esposi\u00e7\u00e3o de Fotografias<\/em>, <em>12\u00ba Festival Recife do Teatro Nacional<\/em> s\u00e3o alguns nomes dessas iniciativas. Os proponentes contar\u00e3o com o apoio da Lei Federal de Incentivo \u00e0 Cultura, a Lei Rouanet, para o desenvolvimento de seus projetos culturais.<\/p>\n<p><strong>Composi\u00e7\u00e3o da CNIC &#8211; <\/strong>A Comiss\u00e3o \u00e9 formada por conselheiros indicados por todos os segmentos, o que, segundo tem sido enfatizado pelo ministro da Cultura, Juca Ferreira, evita o chamado dirigismo cultural. Por essa raz\u00e3o, o mesmo formato tamb\u00e9m ser\u00e1 utilizado para os conselhos gestores dos fundos setoriais previstos na proposta da nova Lei de Fomento \u00e0 Cultura. Comp\u00f5em a comiss\u00e3o, atualmente, representantes de entidades associativas dos setores culturais de \u00e2mbito nacional, dos Secret\u00e1rios de Estado da Cultura, do empresariado brasileiro e das institui\u00e7\u00f5es vinculadas ao MinC.<\/p>\n<p>Marcos Agostinho, Comunica\u00e7\u00e3o Social\/MinC<\/p>\n","protected":false},"excerpt":{"rendered":"<p>O Minist\u00e9rio da Cultura, por meio da Secretaria de Incentivo e Fomento \u00e0 Cultura, divulga a rela\u00e7\u00e3o dos pareceres dos projetos culturais analisados durante a 166\u00aa Sess\u00e3o da Comiss\u00e3o Nacional de Incentivo \u00e0 Cultura (CNIC) realizada na \u00faltima quarta-feira, 24 de junho. Dos 563 projetos culturais apresentados para delibera\u00e7\u00e3o dos conselheiros, 474 foram aprovados, 29 [&hellip;]<\/p>\n","protected":false},"author":3,"featured_media":0,"comment_status":"open","ping_status":"open","sticky":false,"template":"","format":"standard","meta":{"tdm_status":"","tdm_grid_status":"","footnotes":""},"categories":[22],"tags":[],"class_list":{"0":"post-4002","1":"post","2":"type-post","3":"status-publish","4":"format-standard","6":"category-brasil"},"_links":{"self":[{"href":"https:\/\/migracao.redenoticia.com.br\/noticia\/wp-json\/wp\/v2\/posts\/4002","targetHints":{"allow":["GET"]}}],"collection":[{"href":"https:\/\/migracao.redenoticia.com.br\/noticia\/wp-json\/wp\/v2\/posts"}],"about":[{"href":"https:\/\/migracao.redenoticia.com.br\/noticia\/wp-json\/wp\/v2\/types\/post"}],"author":[{"embeddable":true,"href":"https:\/\/migracao.redenoticia.com.br\/noticia\/wp-json\/wp\/v2\/users\/3"}],"replies":[{"embeddable":true,"href":"https:\/\/migracao.redenoticia.com.br\/noticia\/wp-json\/wp\/v2\/comments?post=4002"}],"version-history":[{"count":0,"href":"https:\/\/migracao.redenoticia.com.br\/noticia\/wp-json\/wp\/v2\/posts\/4002\/revisions"}],"wp:attachment":[{"href":"https:\/\/migracao.redenoticia.com.br\/noticia\/wp-json\/wp\/v2\/media?parent=4002"}],"wp:term":[{"taxonomy":"category","embeddable":true,"href":"https:\/\/migracao.redenoticia.com.br\/noticia\/wp-json\/wp\/v2\/categories?post=4002"},{"taxonomy":"post_tag","embeddable":true,"href":"https:\/\/migracao.redenoticia.com.br\/noticia\/wp-json\/wp\/v2\/tags?post=4002"}],"curies":[{"name":"wp","href":"https:\/\/api.w.org\/{rel}","templated":true}]}}