{"id":4013,"date":"2009-06-28T13:56:19","date_gmt":"2009-06-28T17:56:19","guid":{"rendered":"http:\/\/www.redenoticia.com.br\/noticia\/?p=4013"},"modified":"2009-06-28T13:56:19","modified_gmt":"2009-06-28T17:56:19","slug":"inss-paga-beneficios-com-final-4","status":"publish","type":"post","link":"https:\/\/migracao.redenoticia.com.br\/noticia\/2009\/inss-paga-beneficios-com-final-4\/4013","title":{"rendered":"INSS paga benef\u00edcios com final 4"},"content":{"rendered":"<p>Aposentados, pensionistas e demais segurados que recebem at\u00e9 um sal\u00e1rio m\u00ednimo, e t\u00eam cart\u00e3o com final 4, desconsiderando-se o d\u00edgito, ter\u00e3o seu pagamento depositado pela Instituto Nacional do Seguro Social (INSS) nesta segunda-feira (29). O pagamento dos que ganham at\u00e9 o piso nacional e t\u00eam cart\u00e3o com final entre 5 e 0 ocorre at\u00e9 o dia 7 de julho.<\/p>\n<p>A folha de junho pagar\u00e1 mais de 26 milh\u00f5es de benef\u00edcios em todo o Brasil. O pagamento dos segurados que recebem acima do sal\u00e1rio m\u00ednimo ter\u00e1 in\u00edcio na pr\u00f3xima quarta-feira (1\u00ba) com os portadores de cart\u00e3o com final 1 e 6, tamb\u00e9m se desconsiderando o d\u00edgito.<\/p>\n<p>Os segurados que tiverem d\u00favidas sobre o calend\u00e1rio podem ligar para os operadores da Central 135. Outra alternativa \u00e9 acessar o site da Previd\u00eancia Social (www.previdencia.gov.br) e clicar no link &#8220;Extrato de Pagamento de Benef\u00edcio&#8221;, que fica na se\u00e7\u00e3o \u201cAg\u00eancia Eletr\u00f4nica: Segurado\u201d.<\/p>\n<p>ACS\/MPS<\/p>\n","protected":false},"excerpt":{"rendered":"<p>Aposentados, pensionistas e demais segurados que recebem at\u00e9 um sal\u00e1rio m\u00ednimo, e t\u00eam cart\u00e3o com final 4, desconsiderando-se o d\u00edgito, ter\u00e3o seu pagamento depositado pela Instituto Nacional do Seguro Social (INSS) nesta segunda-feira (29). O pagamento dos que ganham at\u00e9 o piso nacional e t\u00eam cart\u00e3o com final entre 5 e 0 ocorre at\u00e9 o [&hellip;]<\/p>\n","protected":false},"author":3,"featured_media":0,"comment_status":"open","ping_status":"open","sticky":false,"template":"","format":"standard","meta":{"tdm_status":"","tdm_grid_status":"","footnotes":""},"categories":[22],"tags":[],"class_list":{"0":"post-4013","1":"post","2":"type-post","3":"status-publish","4":"format-standard","6":"category-brasil"},"_links":{"self":[{"href":"https:\/\/migracao.redenoticia.com.br\/noticia\/wp-json\/wp\/v2\/posts\/4013","targetHints":{"allow":["GET"]}}],"collection":[{"href":"https:\/\/migracao.redenoticia.com.br\/noticia\/wp-json\/wp\/v2\/posts"}],"about":[{"href":"https:\/\/migracao.redenoticia.com.br\/noticia\/wp-json\/wp\/v2\/types\/post"}],"author":[{"embeddable":true,"href":"https:\/\/migracao.redenoticia.com.br\/noticia\/wp-json\/wp\/v2\/users\/3"}],"replies":[{"embeddable":true,"href":"https:\/\/migracao.redenoticia.com.br\/noticia\/wp-json\/wp\/v2\/comments?post=4013"}],"version-history":[{"count":0,"href":"https:\/\/migracao.redenoticia.com.br\/noticia\/wp-json\/wp\/v2\/posts\/4013\/revisions"}],"wp:attachment":[{"href":"https:\/\/migracao.redenoticia.com.br\/noticia\/wp-json\/wp\/v2\/media?parent=4013"}],"wp:term":[{"taxonomy":"category","embeddable":true,"href":"https:\/\/migracao.redenoticia.com.br\/noticia\/wp-json\/wp\/v2\/categories?post=4013"},{"taxonomy":"post_tag","embeddable":true,"href":"https:\/\/migracao.redenoticia.com.br\/noticia\/wp-json\/wp\/v2\/tags?post=4013"}],"curies":[{"name":"wp","href":"https:\/\/api.w.org\/{rel}","templated":true}]}}