{"id":40136,"date":"2012-08-07T11:23:57","date_gmt":"2012-08-07T14:23:57","guid":{"rendered":"http:\/\/www.redenoticia.com.br\/noticia\/?p=40136"},"modified":"2012-08-07T11:23:57","modified_gmt":"2012-08-07T14:23:57","slug":"prazo-para-solicitar-segunda-via-do-titulo-de-eleitor","status":"publish","type":"post","link":"https:\/\/migracao.redenoticia.com.br\/noticia\/2012\/prazo-para-solicitar-segunda-via-do-titulo-de-eleitor\/40136","title":{"rendered":"Prazo para solicitar segunda via do t\u00edtulo de eleitor"},"content":{"rendered":"<p>Bras\u00edlia &#8211; os<em><strong> eleitores<\/strong><\/em> t\u00eam at\u00e9 esta quarta-feira, 08, para requerer a segunda via do <em><strong>t\u00edtulo<\/strong><\/em> em qualquer cart\u00f3rio eleitoral do pa\u00eds. Ao fazer a solicita\u00e7\u00e3o, o cidad\u00e3o deve informar o local onde pretende receber o documento. As elei\u00e7\u00f5es municipais ocorrer\u00e3o nos dias 7 e 28 de outubro \u2013 primeiro e segundo turnos respectivamente \u2013 em mais de 5,5 mil munic\u00edpios brasileiros.<\/p>\n<p>Para obter a segunda via, o eleitor deve se dirigir \u00e0 zona eleitoral na qual est\u00e1 inscrito ou \u00e0 Unidade de Atendimento ao Eleitor dos tribunais regionais eleitorais. Se estiver fora do seu domic\u00edlio eleitoral, poder\u00e1 requerer a segunda via ao juiz da zona eleitoral na qual est\u00e1 inscrito.<\/p>\n<p>O interessado em obter a segunda via deve procurar a zona eleitoral com a carteira de identidade ou o documento emitido pelos \u00f3rg\u00e3os profissionais. Se n\u00e3o tiver o documento, pode apresentar as certid\u00f5es de nascimento ou casamento.<\/p>\n<p>Pelos dados do Tribunal Superior Eleitoral (TSE), h\u00e1 15.351 candidatos a prefeito, 15.491 a vice-prefeito e 442.179 a vereador em todo pa\u00eds. Em 81 munic\u00edpios, com mais de 200 mil eleitores, pode haver segundo turno no dia 28 de outubro.<\/p>\n<p>No total, s\u00e3o cerca de 140 mil eleitores cadastrados em todo pa\u00eds para as elei\u00e7\u00f5es municipais de outubro. A previs\u00e3o do TSE \u00e9 que 252 mil eleitores que moram no exterior justifiquem a aus\u00eancia na vota\u00e7\u00e3o, pois n\u00e3o ter\u00e3o condi\u00e7\u00f5es de comparecer \u00e0s zonas eleitorais.<\/p>\n<p>Renata Giraldi<br \/>\nRep\u00f3rter da Ag\u00eancia Brasil<br \/>\nEdi\u00e7\u00e3o: Talita Cavalcante<\/p>\n","protected":false},"excerpt":{"rendered":"<p>Bras\u00edlia &#8211; os eleitores t\u00eam at\u00e9 esta quarta-feira, 08, para requerer a segunda via do t\u00edtulo em qualquer cart\u00f3rio eleitoral do pa\u00eds. Ao fazer a solicita\u00e7\u00e3o, o cidad\u00e3o deve informar o local onde pretende receber o documento. As elei\u00e7\u00f5es municipais ocorrer\u00e3o nos dias 7 e 28 de outubro \u2013 primeiro e segundo turnos respectivamente \u2013 [&hellip;]<\/p>\n","protected":false},"author":3,"featured_media":39956,"comment_status":"open","ping_status":"closed","sticky":false,"template":"","format":"standard","meta":{"tdm_status":"","tdm_grid_status":"","footnotes":""},"categories":[22],"tags":[],"class_list":{"0":"post-40136","1":"post","2":"type-post","3":"status-publish","4":"format-standard","5":"has-post-thumbnail","7":"category-brasil"},"_links":{"self":[{"href":"https:\/\/migracao.redenoticia.com.br\/noticia\/wp-json\/wp\/v2\/posts\/40136","targetHints":{"allow":["GET"]}}],"collection":[{"href":"https:\/\/migracao.redenoticia.com.br\/noticia\/wp-json\/wp\/v2\/posts"}],"about":[{"href":"https:\/\/migracao.redenoticia.com.br\/noticia\/wp-json\/wp\/v2\/types\/post"}],"author":[{"embeddable":true,"href":"https:\/\/migracao.redenoticia.com.br\/noticia\/wp-json\/wp\/v2\/users\/3"}],"replies":[{"embeddable":true,"href":"https:\/\/migracao.redenoticia.com.br\/noticia\/wp-json\/wp\/v2\/comments?post=40136"}],"version-history":[{"count":0,"href":"https:\/\/migracao.redenoticia.com.br\/noticia\/wp-json\/wp\/v2\/posts\/40136\/revisions"}],"wp:featuredmedia":[{"embeddable":true,"href":"https:\/\/migracao.redenoticia.com.br\/noticia\/wp-json\/wp\/v2\/media\/39956"}],"wp:attachment":[{"href":"https:\/\/migracao.redenoticia.com.br\/noticia\/wp-json\/wp\/v2\/media?parent=40136"}],"wp:term":[{"taxonomy":"category","embeddable":true,"href":"https:\/\/migracao.redenoticia.com.br\/noticia\/wp-json\/wp\/v2\/categories?post=40136"},{"taxonomy":"post_tag","embeddable":true,"href":"https:\/\/migracao.redenoticia.com.br\/noticia\/wp-json\/wp\/v2\/tags?post=40136"}],"curies":[{"name":"wp","href":"https:\/\/api.w.org\/{rel}","templated":true}]}}