{"id":40138,"date":"2012-08-07T11:36:50","date_gmt":"2012-08-07T14:36:50","guid":{"rendered":"http:\/\/www.redenoticia.com.br\/noticia\/?p=40138"},"modified":"2012-08-07T11:36:50","modified_gmt":"2012-08-07T14:36:50","slug":"professores-da-unifesp-mantem-greve","status":"publish","type":"post","link":"https:\/\/migracao.redenoticia.com.br\/noticia\/2012\/professores-da-unifesp-mantem-greve\/40138","title":{"rendered":"Professores da Unifesp mant\u00eam greve"},"content":{"rendered":"<p>S\u00e3o Paulo \u2013 Os <em><strong>professores<\/strong><\/em> da Universidade Federal de S\u00e3o Paulo (Unifesp) decidiram hoje (6), em assembleia, manter a <em><strong>greve<\/strong><\/em>. Eles ir\u00e3o apresentar uma contraproposta ao Minist\u00e9rio da Educa\u00e7\u00e3o e cobrar a reabertura das negocia\u00e7\u00f5es. As demais associa\u00e7\u00f5es de professores de universidades federais dever\u00e3o apresentar at\u00e9 a pr\u00f3xima quarta-feira, dia 8, o resultado das assembleias.<\/p>\n<p>De acordo com a Associa\u00e7\u00e3o dos Docentes da Unifesp (Adunifesp), a ades\u00e3o nos seis campi da universidade \u00e9 alta, com exce\u00e7\u00e3o dos cursos da Faculdade de Medicina, onde as aulas, principalmente dos alunos nos \u00faltimos anos do curso, e da p\u00f3s-gradua\u00e7\u00e3o, est\u00e3o ocorrendo normalmente.<\/p>\n<p>\u201cDecidimos n\u00e3o prejudicar ainda mais os alunos da medicina que est\u00e3o nos \u00faltimos anos do curso\u201d, destacou a presidenta da Adunifesp, Virginia Junqueira.<\/p>\n<p>A Ag\u00eancia Brasil esteve em dois dos seis campi da Unifesp na tarde de hoje. No campus de Osasco (SP), onde a reportagem n\u00e3o foi autorizada a entrar, havia pouca movimenta\u00e7\u00e3o de professores e funcion\u00e1rios. De acordo com os seguran\u00e7as da unidade, alguns alunos estiveram no per\u00edodo da manh\u00e3 no local. A reitoria da Unifesp n\u00e3o soube precisar a ades\u00e3o \u00e0 greve na unidade.<\/p>\n<p>Na faculdade de medicina, na Vila Mariana, em S\u00e3o Paulo, parte das aulas ocorrem normalmente. As disciplinas ministradas para alunos que est\u00e3o pr\u00f3ximos a formatura, ou j\u00e1 fazendo est\u00e1gio, est\u00e3o normais. O Hospital S\u00e3o Paulo, da Unifesp, estava funcionando normalmente. A \u00e1rea de p\u00f3s-gradua\u00e7\u00e3o da faculdade tamb\u00e9m est\u00e1 com funcionamento parcial.<\/p>\n<p>Durantes essa semana, as entidades representantes dos professores devem promover a\u00e7\u00f5es conjuntas nas reitorias das universidades. Em S\u00e3o Paulo, est\u00e3o previstas manifesta\u00e7\u00f5es e um abra\u00e7o simb\u00f3lico no pr\u00e9dio da reitoria. Em Bras\u00edlia, os professores v\u00e3o distribuir uma carta aos parlamentares, e pedir a reabertura das negocia\u00e7\u00f5es.<\/p>\n<p>Bruno Bocchini<br \/>\nRep\u00f3rter da Ag\u00eancia Brasil<br \/>\nEdi\u00e7\u00e3o: Rivadavia Severo<\/p>\n","protected":false},"excerpt":{"rendered":"<p>S\u00e3o Paulo \u2013 Os professores da Universidade Federal de S\u00e3o Paulo (Unifesp) decidiram hoje (6), em assembleia, manter a greve. Eles ir\u00e3o apresentar uma contraproposta ao Minist\u00e9rio da Educa\u00e7\u00e3o e cobrar a reabertura das negocia\u00e7\u00f5es. As demais associa\u00e7\u00f5es de professores de universidades federais dever\u00e3o apresentar at\u00e9 a pr\u00f3xima quarta-feira, dia 8, o resultado das assembleias. [&hellip;]<\/p>\n","protected":false},"author":3,"featured_media":36241,"comment_status":"open","ping_status":"closed","sticky":false,"template":"","format":"standard","meta":{"tdm_status":"","tdm_grid_status":"","footnotes":""},"categories":[22],"tags":[],"class_list":{"0":"post-40138","1":"post","2":"type-post","3":"status-publish","4":"format-standard","5":"has-post-thumbnail","7":"category-brasil"},"_links":{"self":[{"href":"https:\/\/migracao.redenoticia.com.br\/noticia\/wp-json\/wp\/v2\/posts\/40138","targetHints":{"allow":["GET"]}}],"collection":[{"href":"https:\/\/migracao.redenoticia.com.br\/noticia\/wp-json\/wp\/v2\/posts"}],"about":[{"href":"https:\/\/migracao.redenoticia.com.br\/noticia\/wp-json\/wp\/v2\/types\/post"}],"author":[{"embeddable":true,"href":"https:\/\/migracao.redenoticia.com.br\/noticia\/wp-json\/wp\/v2\/users\/3"}],"replies":[{"embeddable":true,"href":"https:\/\/migracao.redenoticia.com.br\/noticia\/wp-json\/wp\/v2\/comments?post=40138"}],"version-history":[{"count":0,"href":"https:\/\/migracao.redenoticia.com.br\/noticia\/wp-json\/wp\/v2\/posts\/40138\/revisions"}],"wp:featuredmedia":[{"embeddable":true,"href":"https:\/\/migracao.redenoticia.com.br\/noticia\/wp-json\/wp\/v2\/media\/36241"}],"wp:attachment":[{"href":"https:\/\/migracao.redenoticia.com.br\/noticia\/wp-json\/wp\/v2\/media?parent=40138"}],"wp:term":[{"taxonomy":"category","embeddable":true,"href":"https:\/\/migracao.redenoticia.com.br\/noticia\/wp-json\/wp\/v2\/categories?post=40138"},{"taxonomy":"post_tag","embeddable":true,"href":"https:\/\/migracao.redenoticia.com.br\/noticia\/wp-json\/wp\/v2\/tags?post=40138"}],"curies":[{"name":"wp","href":"https:\/\/api.w.org\/{rel}","templated":true}]}}