{"id":40167,"date":"2012-08-09T11:16:06","date_gmt":"2012-08-09T14:16:06","guid":{"rendered":"http:\/\/www.redenoticia.com.br\/noticia\/?p=40167"},"modified":"2012-08-09T11:16:06","modified_gmt":"2012-08-09T14:16:06","slug":"unicamp-cria-faculdade-de-enfermagem-e-novos-cursos-de-graduacao","status":"publish","type":"post","link":"https:\/\/migracao.redenoticia.com.br\/noticia\/2012\/unicamp-cria-faculdade-de-enfermagem-e-novos-cursos-de-graduacao\/40167","title":{"rendered":"Unicamp cria Faculdade de Enfermagem e novos cursos de gradua\u00e7\u00e3o"},"content":{"rendered":"<p>Ag\u00eancia FAPESP \u2013 O Conselho Universit\u00e1rio (Consu) da Universidade Estadual de Campinas (<em><strong>Unicamp<\/strong><\/em>) aprovou por unanimidade no dia 7 de agosto a cria\u00e7\u00e3o de quatro <em><strong>novos cursos<\/strong> <\/em>de gradua\u00e7\u00e3o.<\/p>\n<p>Os cursos s\u00e3o: Engenharia de Telecomunica\u00e7\u00f5es, com 50 vagas em per\u00edodo integral; Sistemas de Informa\u00e7\u00e3o, que oferecer\u00e1 45 vagas, integral; Engenharia Ambiental, 60 vagas em per\u00edodo noturno; e Engenharia F\u00edsica, com 15 vagas, per\u00edodo integral.<\/p>\n<p>Na mesma sess\u00e3o, o Consu tamb\u00e9m decidiu pela cria\u00e7\u00e3o da Faculdade de Enfermagem, que atualmente funciona como departamento da Faculdade de Ci\u00eancias M\u00e9dicas (FCM). O conselho tamb\u00e9m extinguiu os cursos de Tecnologia em Sistemas de Telecomunica\u00e7\u00f5es e Tecnologia em An\u00e1lise e Desenvolvimento de Sistemas.<\/p>\n<p>De acordo com a Unicamp, a cria\u00e7\u00e3o e a extin\u00e7\u00e3o dos cursos n\u00e3o alterar\u00e3o o n\u00famero de vagas oferecidas atualmente pelo vestibular da universidade.<\/p>\n<p>Os cursos de Engenharia de Telecomunica\u00e7\u00f5es e de Sistemas de Informa\u00e7\u00e3o absorver\u00e3o, respectivamente, as vagas oferecidas pelos cursos de Tecnologia em Sistemas de Telecomunica\u00e7\u00f5es e Tecnologia em An\u00e1lise e Desenvolvimento de Sistemas, que ser\u00e3o extintos.<\/p>\n<p>J\u00e1 as vagas a serem oferecidas pelo curso de Engenharia Ambiental ser\u00e3o provenientes dos cursos de Tecnologia em Constru\u00e7\u00e3o de Edif\u00edcios (30 vagas) e Tecnologia em Controle Ambiental (30 vagas). Estes dois \u00faltimos ser\u00e3o mantidos, agora com 50 vagas cada um.<\/p>\n<p>As vagas da Engenharia F\u00edsica, por sua vez, ser\u00e3o oriundas do chamado curso que integrava F\u00edsica, Matem\u00e1tica e Matem\u00e1tica Aplicada e Computacional, chamado &#8220;Curs\u00e3o&#8221;, que segue mantido com 140 vagas.<\/p>\n<p>De acordo com o diretor da Faculdade de Tecnologia (FT), professor Jos\u00e9 Geraldo Pena de Andrade, a cria\u00e7\u00e3o dos cursos de Engenharia de Telecomunica\u00e7\u00f5es, Sistemas de Informa\u00e7\u00e3o e Engenharia Ambiental \u00e9 uma resposta \u00e0 necessidade premente do pa\u00eds por engenheiros qualificados.<\/p>\n<p>\u201cAl\u00e9m disso, os novos cursos tamb\u00e9m t\u00eam a inten\u00e7\u00e3o de atrair alunos com perfis diferenciados, que se integrar\u00e3o \u00e0queles que j\u00e1 fazem parte do nosso destacado corpo discente. Outro ponto importante \u00e9 que os novos cursos contribuir\u00e3o para aprofundar as atividades de pesquisa na FT\u201d, disse.<\/p>\n<p>O reitor Fernando Costa considerou que os novos cursos marcar\u00e3o uma nova etapa na hist\u00f3ria da FT. O pr\u00f3-reitor de Gradua\u00e7\u00e3o, professor Marcelo Knobel, esclareceu que a cria\u00e7\u00e3o do curso de Engenharia F\u00edsica vinha sendo discutida h\u00e1 muito tempo na Unicamp. \u201cTrata-se de um curso que j\u00e1 est\u00e1 consolidado em outros pa\u00edses e que vem sendo gradativamente implantado no Brasil, devido \u00e0 sua import\u00e2ncia\u201d, disse.<\/p>\n<p>Knobel destacou que, antes de serem levadas \u00e0 aprecia\u00e7\u00e3o do Consu, as propostas de cria\u00e7\u00e3o e extin\u00e7\u00e3o dos cursos foram amplamente debatidas pela comunidade interna e pelas inst\u00e2ncias formais da Unicamp.<\/p>\n<p>O diretor da FCM, professor Mario Jos\u00e9 Abdalla Saad, destacou que a cria\u00e7\u00e3o da Faculdade de Enfermagem representa um avan\u00e7o importante, sobretudo para a forma\u00e7\u00e3o de quadros qualificados para trabalhar no atendimento \u00e0 sa\u00fade da popula\u00e7\u00e3o.<\/p>\n<p>Ele lembrou que o curso de gradua\u00e7\u00e3o em Enfermagen, considerado de excel\u00eancia, \u00e9 oferecido pela Unicamp h\u00e1 34 anos. Al\u00e9m disso, h\u00e1 dez anos foi institu\u00edda a p\u00f3s-gradua\u00e7\u00e3o, igualmente com alto n\u00edvel de qualidade.<\/p>\n<p>\u201cH\u00e1 muito tempo endentemos que o curso precisava de autonomia para crescer e ampliar a forma\u00e7\u00e3o dos futuros profissionais. Com a cria\u00e7\u00e3o da faculdade, essas tarefas certamente ser\u00e3o facilitadas\u201d, disse Saad.<\/p>\n<p>Mais informa\u00e7\u00f5es: <a href=\"http:\/\/www.unicamp.br\/\" target=\"_blank\">www.unicamp.br<\/a><\/p>\n","protected":false},"excerpt":{"rendered":"<p>Ag\u00eancia FAPESP \u2013 O Conselho Universit\u00e1rio (Consu) da Universidade Estadual de Campinas (Unicamp) aprovou por unanimidade no dia 7 de agosto a cria\u00e7\u00e3o de quatro novos cursos de gradua\u00e7\u00e3o. Os cursos s\u00e3o: Engenharia de Telecomunica\u00e7\u00f5es, com 50 vagas em per\u00edodo integral; Sistemas de Informa\u00e7\u00e3o, que oferecer\u00e1 45 vagas, integral; Engenharia Ambiental, 60 vagas em per\u00edodo [&hellip;]<\/p>\n","protected":false},"author":3,"featured_media":36246,"comment_status":"open","ping_status":"closed","sticky":false,"template":"","format":"standard","meta":{"tdm_status":"","tdm_grid_status":"","footnotes":""},"categories":[22,370,295],"tags":[],"class_list":{"0":"post-40167","1":"post","2":"type-post","3":"status-publish","4":"format-standard","5":"has-post-thumbnail","7":"category-brasil","8":"category-inscricao","9":"category-vestibular"},"_links":{"self":[{"href":"https:\/\/migracao.redenoticia.com.br\/noticia\/wp-json\/wp\/v2\/posts\/40167","targetHints":{"allow":["GET"]}}],"collection":[{"href":"https:\/\/migracao.redenoticia.com.br\/noticia\/wp-json\/wp\/v2\/posts"}],"about":[{"href":"https:\/\/migracao.redenoticia.com.br\/noticia\/wp-json\/wp\/v2\/types\/post"}],"author":[{"embeddable":true,"href":"https:\/\/migracao.redenoticia.com.br\/noticia\/wp-json\/wp\/v2\/users\/3"}],"replies":[{"embeddable":true,"href":"https:\/\/migracao.redenoticia.com.br\/noticia\/wp-json\/wp\/v2\/comments?post=40167"}],"version-history":[{"count":0,"href":"https:\/\/migracao.redenoticia.com.br\/noticia\/wp-json\/wp\/v2\/posts\/40167\/revisions"}],"wp:featuredmedia":[{"embeddable":true,"href":"https:\/\/migracao.redenoticia.com.br\/noticia\/wp-json\/wp\/v2\/media\/36246"}],"wp:attachment":[{"href":"https:\/\/migracao.redenoticia.com.br\/noticia\/wp-json\/wp\/v2\/media?parent=40167"}],"wp:term":[{"taxonomy":"category","embeddable":true,"href":"https:\/\/migracao.redenoticia.com.br\/noticia\/wp-json\/wp\/v2\/categories?post=40167"},{"taxonomy":"post_tag","embeddable":true,"href":"https:\/\/migracao.redenoticia.com.br\/noticia\/wp-json\/wp\/v2\/tags?post=40167"}],"curies":[{"name":"wp","href":"https:\/\/api.w.org\/{rel}","templated":true}]}}