{"id":40169,"date":"2012-08-09T11:24:14","date_gmt":"2012-08-09T14:24:14","guid":{"rendered":"http:\/\/www.redenoticia.com.br\/noticia\/?p=40169"},"modified":"2012-08-09T11:24:14","modified_gmt":"2012-08-09T14:24:14","slug":"jorge-amado-e-nelson-rodrigues-homenageados-na-bienal-de-sp","status":"publish","type":"post","link":"https:\/\/migracao.redenoticia.com.br\/noticia\/2012\/jorge-amado-e-nelson-rodrigues-homenageados-na-bienal-de-sp\/40169","title":{"rendered":"Jorge Amado e Nelson Rodrigues homenageados na Bienal de SP"},"content":{"rendered":"<p>S\u00e3o Paulo \u2013 A 22\u00aa <em><strong>Bienal<\/strong><\/em> Internacional do Livro ser\u00e1 aberta na manh\u00e3 de hoje (9) com 37% mais expositores, somando 480, em rela\u00e7\u00e3o \u00e0 edi\u00e7\u00e3o anterior (350). O aumento foi impulsionado principalmente pela maior presen\u00e7a de editoras internacionais.<\/p>\n<p>Ser\u00e3o 137 expositores estrangeiros contra 67 no ano passado, crescimento de 100%. Alemanha, Su\u00ed\u00e7a, Fran\u00e7a, Espanha, B\u00e9lgica, China, Coreia, Jap\u00e3o, Col\u00f4mbia, Peru e Canad\u00e1 ser\u00e3o alguns dos pa\u00edses presentes. A participa\u00e7\u00e3o das editoras nacionais tamb\u00e9m aumentou, de 283 para 346, salto de 22%.<\/p>\n<p>Promovida pela C\u00e2mara Brasileira do Livro (CBL), espera-se tamb\u00e9m p\u00fablico maior na edi\u00e7\u00e3o deste ano. A previs\u00e3o \u00e9 que 800 mil pessoas visitem a feira, ante 743 mil no ano passado, segundo os organizadores. Outra expectativa \u00e9 quanto \u00e0 venda de livros. Em 2011, as vendas de livros cresceram 7,2% no Brasil, na compara\u00e7\u00e3o com 2010, segundo pesquisa da Funda\u00e7\u00e3o Instituto de Pesquisas Econ\u00f4micas da Universidade de S\u00e3o Paulo (Fipe). Pelos n\u00fameros da Fipe, no ano passado, os brasileiros compraram cerca de 470 milh\u00f5es de livros, um recorde de vendas para o setor.<\/p>\n<p>De acordo Mansur Bassit, diretor executivo da CBL, a produ\u00e7\u00e3o e a venda do mercado editorial est\u00e3o bastante aquecidas, em fun\u00e7\u00e3o, principalmente, das compras do governo por meio do Plano Nacional do Livro Did\u00e1tico.<\/p>\n<p>A queda do pre\u00e7o do exemplar tamb\u00e9m contribuiu para a alta das vendas. No acumulado de 2004 a 2011, houve redu\u00e7\u00e3o real de 44,9% (m\u00e9dia), conforme a CBL. Em 2010, o pre\u00e7o m\u00e9dio do livro era R$ 12,94 e, em 2011, caiu para R$ 12,15.<\/p>\n<p>Na bienal, os livros digitais tamb\u00e9m v\u00e3o marcar presen\u00e7a. Segundo Mansur Bassit, os t\u00edtulos nesse formato s\u00e3o cada vez mais procurados na feira e convivem em harmonia com o livro de papel. \u201cEle [formato digital] tem muito para expandir em um pa\u00eds com tanta demanda. E veio para ficar junto com o livro impresso\u201d, disse. Em 2011, 5,2 mil t\u00edtulos digitais foram lan\u00e7ados, conforme o levantamento da Fipe. Isso representa 9% do total de livros lan\u00e7ados no ano passado, que foram aproximadamente 58 mil.<\/p>\n<p>Com o tema Livros Transformam o Mundo, Livros Transformam Pessoas, a edi\u00e7\u00e3o deste ano ter\u00e1 tr\u00eas curadores principais: Antonio Carlos de Moraes Sartini, diretor executivo do Museu da L\u00edngua Portuguesa, e os jornalistas Paulo Markun e Zeca Camargo.<\/p>\n<p>Entre os autores homenageados est\u00e3o Jorge Amado e Nelson Rodrigues, que completariam 100\u00a0anos este ano. Outra homenageada \u00e9 A Semana de Arte Moderna de 1922, que inaugurou o movimento modernista brasileiro, encabe\u00e7ado por M\u00e1rio de Andrade, Oswald de Andrade, V\u00edctor Brecheret, Anita Malfatti, Menotti Del Pichia, Guilherme de Almeida, S\u00e9rgio Milliet, Heitor Villa-Lobos, T\u00e1cito de Almeida e Di Cavalcanti.<\/p>\n<p>No primeiro dia, est\u00e1 previsto debate sobre a Lei das Biografias, com base no Projeto de Lei 393\/2011, de autoria do deputado Newton Lima (PT-SP), que estar\u00e1 presente. Al\u00e9m dele, participam do encontro o relator do projeto na Comiss\u00e3o de Constitui\u00e7\u00e3o e Justi\u00e7a (CCJ) da C\u00e2mara, deputado Alessandro Molon (PT-RJ) e o escritor Paulo Cesar Ara\u00fajo, autor da biografia n\u00e3o-autorizada do cantor Roberto Carlos, cuja venda foi proibida.<\/p>\n<p>A bienal vai at\u00e9 o dia 18 de agosto no Pavilh\u00e3o de Exposi\u00e7\u00f5es do Anhembi, na zona norte da capital paulista. O hor\u00e1rio de visita\u00e7\u00e3o \u00e9 das 10h \u00e0s 22h. No dia 19, a feira vai funcionar das 10h \u00e0s 20h, com entrada at\u00e9 as 18h. Os ingressos custam R$12 (inteira) e R$ 6 (meia-entrada).<\/p>\n<p>Professores, profissionais da cadeia produtiva do livro, bibliotec\u00e1rios, estudantes inscritos pelo sistema de visita\u00e7\u00e3o escolar programada, maiores de 60 anos e crian\u00e7as com at\u00e9 12 anos t\u00eam direito a entrada gratuita, mediante a apresenta\u00e7\u00e3o de documento.<\/p>\n<p>Bruno Bocchini<br \/>\nRep\u00f3rter da Ag\u00eancia Brasil<br \/>\nEdi\u00e7\u00e3o: Carolina Pimentel<\/p>\n","protected":false},"excerpt":{"rendered":"<p>S\u00e3o Paulo \u2013 A 22\u00aa Bienal Internacional do Livro ser\u00e1 aberta na manh\u00e3 de hoje (9) com 37% mais expositores, somando 480, em rela\u00e7\u00e3o \u00e0 edi\u00e7\u00e3o anterior (350). O aumento foi impulsionado principalmente pela maior presen\u00e7a de editoras internacionais. Ser\u00e3o 137 expositores estrangeiros contra 67 no ano passado, crescimento de 100%. Alemanha, Su\u00ed\u00e7a, Fran\u00e7a, Espanha, [&hellip;]<\/p>\n","protected":false},"author":3,"featured_media":34821,"comment_status":"open","ping_status":"closed","sticky":false,"template":"","format":"standard","meta":{"tdm_status":"","tdm_grid_status":"","footnotes":""},"categories":[22],"tags":[],"class_list":{"0":"post-40169","1":"post","2":"type-post","3":"status-publish","4":"format-standard","5":"has-post-thumbnail","7":"category-brasil"},"_links":{"self":[{"href":"https:\/\/migracao.redenoticia.com.br\/noticia\/wp-json\/wp\/v2\/posts\/40169","targetHints":{"allow":["GET"]}}],"collection":[{"href":"https:\/\/migracao.redenoticia.com.br\/noticia\/wp-json\/wp\/v2\/posts"}],"about":[{"href":"https:\/\/migracao.redenoticia.com.br\/noticia\/wp-json\/wp\/v2\/types\/post"}],"author":[{"embeddable":true,"href":"https:\/\/migracao.redenoticia.com.br\/noticia\/wp-json\/wp\/v2\/users\/3"}],"replies":[{"embeddable":true,"href":"https:\/\/migracao.redenoticia.com.br\/noticia\/wp-json\/wp\/v2\/comments?post=40169"}],"version-history":[{"count":0,"href":"https:\/\/migracao.redenoticia.com.br\/noticia\/wp-json\/wp\/v2\/posts\/40169\/revisions"}],"wp:featuredmedia":[{"embeddable":true,"href":"https:\/\/migracao.redenoticia.com.br\/noticia\/wp-json\/wp\/v2\/media\/34821"}],"wp:attachment":[{"href":"https:\/\/migracao.redenoticia.com.br\/noticia\/wp-json\/wp\/v2\/media?parent=40169"}],"wp:term":[{"taxonomy":"category","embeddable":true,"href":"https:\/\/migracao.redenoticia.com.br\/noticia\/wp-json\/wp\/v2\/categories?post=40169"},{"taxonomy":"post_tag","embeddable":true,"href":"https:\/\/migracao.redenoticia.com.br\/noticia\/wp-json\/wp\/v2\/tags?post=40169"}],"curies":[{"name":"wp","href":"https:\/\/api.w.org\/{rel}","templated":true}]}}