{"id":40190,"date":"2012-08-10T09:47:38","date_gmt":"2012-08-10T12:47:38","guid":{"rendered":"http:\/\/www.redenoticia.com.br\/noticia\/?p=40190"},"modified":"2012-08-10T16:52:32","modified_gmt":"2012-08-10T19:52:32","slug":"governo-federal-reitera-que-negociacao-com-os-professores-acabou","status":"publish","type":"post","link":"https:\/\/migracao.redenoticia.com.br\/noticia\/2012\/governo-federal-reitera-que-negociacao-com-os-professores-acabou\/40190","title":{"rendered":"Governo federal reitera que negocia\u00e7\u00e3o com os professores acabou"},"content":{"rendered":"<p><img loading=\"lazy\" decoding=\"async\" class=\"alignleft size-full wp-image-34749\" title=\"professor\" src=\"https:\/\/migracao.redenoticia.com.br\/noticia\/imagens\/professor1.jpg\" alt=\"\" width=\"300\" height=\"193\" srcset=\"https:\/\/migracao.redenoticia.com.br\/noticia\/imagens\/professor1.jpg 300w, https:\/\/migracao.redenoticia.com.br\/noticia\/imagens\/professor1-250x160.jpg 250w, https:\/\/migracao.redenoticia.com.br\/noticia\/imagens\/professor1-150x96.jpg 150w\" sizes=\"auto, (max-width: 300px) 100vw, 300px\" \/>O Minist\u00e9rio da Educa\u00e7\u00e3o reafirmou no in\u00edcio da tarde desta quinta-feira, 9, por meio de circular enviada aos reitores das universidades e institutos federais, que as<em><strong> negocia\u00e7\u00f5es com os docentes<\/strong><\/em> est\u00e1 encerrada. E que n\u00e3o h\u00e1 qualquer possibilidade de reabertura.<\/p>\n<p>At\u00e9 o final de agosto, o Minist\u00e9rio do Planejamento vai enviar ao Congresso Nacional, na Lei Or\u00e7ament\u00e1ria Anual (LOA), a proposta de carreira dos professores das universidades e institutos federais, j\u00e1 apresentada \u00e0s entidades representativas dos docentes. Essa proposta, que prev\u00ea reajustes de 25 a 40%, assegura ganhos reais expressivos superiores aos portadores de maior titula\u00e7\u00e3o e com dedica\u00e7\u00e3o exclusiva, o que representa um impacto de R$ 4,2 bilh\u00f5es.<\/p>\n<p>O acordo assinado com a Federa\u00e7\u00e3o de Sindicatos de Professores de Institui\u00e7\u00f5es Federais de Ensino Superior (Proifes), que n\u00e3o poder\u00e1 ser emendado ou alterado no Congresso Nacional, possui cl\u00e1usulas que permitem a ades\u00e3o de outras entidades sindicais.<\/p>\n<p>Neste momento, o governo federal negocia o reajuste salarial com os representantes dos servidores t\u00e9cnicos administrativos das universidades e dos institutos federais, Sindicato Nacional dos Servidores da Educa\u00e7\u00e3o B\u00e1sica e Profissional (Sinasefe) e Federa\u00e7\u00e3o dos Sindicatos de Trabalhadores das Universidades Brasileiras (Fasubra). No \u00faltimo dia 6 foi apresentada uma proposta de 15,8%. Nova rodada est\u00e1 prevista para esta sexta-feira, 10.<\/p>\n<p>Em circular anterior, enviada pelo Minist\u00e9rio da Educa\u00e7\u00e3o a todos os reitores dos institutos e das universidades federais, o governo federal solicitou que seja enviado o plano de reposi\u00e7\u00e3o das aulas perdidas durante a greve. O MEC vai supervisionar diretamente sua aplica\u00e7\u00e3o e pelas contas dos t\u00e9cnicos os professores ter\u00e3o que trabalhar durante os meses de dezembro, janeiro e parte de fevereiro.<\/p>\n<p>Neste sentido, a expectativa do Minist\u00e9rio da Educa\u00e7\u00e3o \u00e9 de que as universidades e os institutos retomem imediatamente as atividades acad\u00eamicas.<\/p>\n<p>Assessoria de Comunica\u00e7\u00e3o Social<\/p>\n","protected":false},"excerpt":{"rendered":"<p>O Minist\u00e9rio da Educa\u00e7\u00e3o reafirmou no in\u00edcio da tarde desta quinta-feira, 9, por meio de circular enviada aos reitores das universidades e institutos federais, que as negocia\u00e7\u00f5es com os docentes est\u00e1 encerrada. E que n\u00e3o h\u00e1 qualquer possibilidade de reabertura. At\u00e9 o final de agosto, o Minist\u00e9rio do Planejamento vai enviar ao Congresso Nacional, na [&hellip;]<\/p>\n","protected":false},"author":3,"featured_media":34749,"comment_status":"open","ping_status":"closed","sticky":false,"template":"","format":"standard","meta":{"tdm_status":"","tdm_grid_status":"","footnotes":""},"categories":[22],"tags":[],"class_list":{"0":"post-40190","1":"post","2":"type-post","3":"status-publish","4":"format-standard","5":"has-post-thumbnail","7":"category-brasil"},"_links":{"self":[{"href":"https:\/\/migracao.redenoticia.com.br\/noticia\/wp-json\/wp\/v2\/posts\/40190","targetHints":{"allow":["GET"]}}],"collection":[{"href":"https:\/\/migracao.redenoticia.com.br\/noticia\/wp-json\/wp\/v2\/posts"}],"about":[{"href":"https:\/\/migracao.redenoticia.com.br\/noticia\/wp-json\/wp\/v2\/types\/post"}],"author":[{"embeddable":true,"href":"https:\/\/migracao.redenoticia.com.br\/noticia\/wp-json\/wp\/v2\/users\/3"}],"replies":[{"embeddable":true,"href":"https:\/\/migracao.redenoticia.com.br\/noticia\/wp-json\/wp\/v2\/comments?post=40190"}],"version-history":[{"count":0,"href":"https:\/\/migracao.redenoticia.com.br\/noticia\/wp-json\/wp\/v2\/posts\/40190\/revisions"}],"wp:featuredmedia":[{"embeddable":true,"href":"https:\/\/migracao.redenoticia.com.br\/noticia\/wp-json\/wp\/v2\/media\/34749"}],"wp:attachment":[{"href":"https:\/\/migracao.redenoticia.com.br\/noticia\/wp-json\/wp\/v2\/media?parent=40190"}],"wp:term":[{"taxonomy":"category","embeddable":true,"href":"https:\/\/migracao.redenoticia.com.br\/noticia\/wp-json\/wp\/v2\/categories?post=40190"},{"taxonomy":"post_tag","embeddable":true,"href":"https:\/\/migracao.redenoticia.com.br\/noticia\/wp-json\/wp\/v2\/tags?post=40190"}],"curies":[{"name":"wp","href":"https:\/\/api.w.org\/{rel}","templated":true}]}}