{"id":4020,"date":"2009-06-28T14:49:09","date_gmt":"2009-06-28T18:49:09","guid":{"rendered":"http:\/\/www.redenoticia.com.br\/noticia\/?p=4020"},"modified":"2009-06-28T16:40:07","modified_gmt":"2009-06-28T20:40:07","slug":"aberta-inscricao-para-coordenador-do-programa-inovar-ii","status":"publish","type":"post","link":"https:\/\/migracao.redenoticia.com.br\/noticia\/2009\/aberta-inscricao-para-coordenador-do-programa-inovar-ii\/4020","title":{"rendered":"Aberta inscri\u00e7\u00e3o para coordenador do Programa Inovar II"},"content":{"rendered":"<p>A Financiadora de Estudos e Projetos (FINEP\/MCT) e o BID\/Fumin abriram processo seletivo para sele\u00e7\u00e3o de coordenador para o Inovar II. O objetivo geral do programa \u00e9 promover a\u00e7\u00f5es para consolidar a ind\u00fastria de \u201cventure capital\u201d e \u201cprivate equity\u201d e contribuir para a estrutura\u00e7\u00e3o de uma ind\u00fastria de capital semente no Pa\u00eds. Os profissionais com forma\u00e7\u00e3o em ci\u00eancias cont\u00e1beis, administra\u00e7\u00e3o, engenharia ou economia que desejarem se candidatar t\u00eam at\u00e9 o dia 3 de julho para enviar os curr\u00edculos para o e-mail: inovar@finep.gov.br.<br \/>\nDe acordo com a chefe do Departamento de Investimentos em Fundos da Finep, Janaina Prevot, a ideia do programa \u00e9 aproximar o setor de capital empreendedor no Brasil das normas internacionais, transferindo os conhecimentos adquiridos a partir das experi\u00eancias do Inovar a outros pa\u00edses. \u201cO futuro coordenador ir\u00e1 zelar pelo cumprimento dos objetivos do Inovar II, seja pelo controle e registro das informa\u00e7\u00f5es t\u00e9cnico-financeiras nos sistemas de acompanhamento do projeto, controle e registro dos indicadores de desempenho de Programa, elabora\u00e7\u00e3o de relat\u00f3rios, entre outras fun\u00e7\u00f5es\u201d, diz.<\/p>\n<p>O contratado, com dedica\u00e7\u00e3o de 40 horas\/semana, receber\u00e1 uma remunera\u00e7\u00e3o mensal bruta de at\u00e9 R$ 3,5 mil, paga com recursos oriundos do Fumin\/BID. No curr\u00edculo dos interessados, que deve ser enviado em formato .doc, .pdf ou .rtf, precisam constar identifica\u00e7\u00e3o completa, forma\u00e7\u00e3o acad\u00eamica, objetivo e experi\u00eancia profissional, conhecimento de l\u00ednguas estrangeiras e duas refer\u00eancias profissionais.<\/p>\n<p>As informa\u00e7\u00f5es completas do Termo de Refer\u00eancia para Sele\u00e7\u00e3o do Coordenador do Programa Inovar II podem ser encontradas <strong><a href=\"http:\/\/www.finep.gov.br\/DCOM\/Termo_de_referencia_coordenador_%20inovar%20_II.pdf\">aqui. <\/a><a href=\"http:\/\/www.finep.gov.br\/DCOM\/Termo_de_referencia_coordenador_%20inovar%20_II.pdf\"><br \/>\n<\/a><\/strong><\/p>\n","protected":false},"excerpt":{"rendered":"<p>A Financiadora de Estudos e Projetos (FINEP\/MCT) e o BID\/Fumin abriram processo seletivo para sele\u00e7\u00e3o de coordenador para o Inovar II. O objetivo geral do programa \u00e9 promover a\u00e7\u00f5es para consolidar a ind\u00fastria de \u201cventure capital\u201d e \u201cprivate equity\u201d e contribuir para a estrutura\u00e7\u00e3o de uma ind\u00fastria de capital semente no Pa\u00eds. Os profissionais com [&hellip;]<\/p>\n","protected":false},"author":3,"featured_media":0,"comment_status":"open","ping_status":"open","sticky":false,"template":"","format":"standard","meta":{"tdm_status":"","tdm_grid_status":"","footnotes":""},"categories":[22],"tags":[],"class_list":{"0":"post-4020","1":"post","2":"type-post","3":"status-publish","4":"format-standard","6":"category-brasil"},"_links":{"self":[{"href":"https:\/\/migracao.redenoticia.com.br\/noticia\/wp-json\/wp\/v2\/posts\/4020","targetHints":{"allow":["GET"]}}],"collection":[{"href":"https:\/\/migracao.redenoticia.com.br\/noticia\/wp-json\/wp\/v2\/posts"}],"about":[{"href":"https:\/\/migracao.redenoticia.com.br\/noticia\/wp-json\/wp\/v2\/types\/post"}],"author":[{"embeddable":true,"href":"https:\/\/migracao.redenoticia.com.br\/noticia\/wp-json\/wp\/v2\/users\/3"}],"replies":[{"embeddable":true,"href":"https:\/\/migracao.redenoticia.com.br\/noticia\/wp-json\/wp\/v2\/comments?post=4020"}],"version-history":[{"count":0,"href":"https:\/\/migracao.redenoticia.com.br\/noticia\/wp-json\/wp\/v2\/posts\/4020\/revisions"}],"wp:attachment":[{"href":"https:\/\/migracao.redenoticia.com.br\/noticia\/wp-json\/wp\/v2\/media?parent=4020"}],"wp:term":[{"taxonomy":"category","embeddable":true,"href":"https:\/\/migracao.redenoticia.com.br\/noticia\/wp-json\/wp\/v2\/categories?post=4020"},{"taxonomy":"post_tag","embeddable":true,"href":"https:\/\/migracao.redenoticia.com.br\/noticia\/wp-json\/wp\/v2\/tags?post=4020"}],"curies":[{"name":"wp","href":"https:\/\/api.w.org\/{rel}","templated":true}]}}