{"id":4023,"date":"2009-06-28T14:54:20","date_gmt":"2009-06-28T18:54:20","guid":{"rendered":"http:\/\/www.redenoticia.com.br\/noticia\/?p=4023"},"modified":"2009-06-28T16:39:44","modified_gmt":"2009-06-28T20:39:44","slug":"cnpq-recebe-propostas-para-edital-universal-2009","status":"publish","type":"post","link":"https:\/\/migracao.redenoticia.com.br\/noticia\/2009\/cnpq-recebe-propostas-para-edital-universal-2009\/4023","title":{"rendered":"CNPq recebe propostas para Edital Universal 2009"},"content":{"rendered":"<p><strong><\/strong>O Conselho Nacional de Desenvolvimento Cient\u00edfico e Tecnol\u00f3gico (CNPq) conclui nesta semana, com o apoio do Minist\u00e9rio da Ci\u00eancia e Tecnologia (MCT) e da Finaciadora de Estudos e Projetos (FINEP), o pagamento dos projetos aprovados no Edital Universal 14\/2008. Conforme assumido no Plano de A\u00e7\u00e3o de Ci\u00eancia, Tecnologia e Inova\u00e7\u00e3o (PAC 2007-2010), o Edital Universal, vers\u00e3o 2009, foi lan\u00e7ado na sexta-feira (19).<\/p>\n<p>Com R$ 100 milh\u00f5es destinados a apoiar atividades de pesquisa cient\u00edfica, tecnol\u00f3gica e de inova\u00e7\u00e3o em todas as \u00e1reas do conhecimento, esta \u00e9 considerada uma das maiores a\u00e7\u00f5es de fomento da ag\u00eancia.<\/p>\n<p>Os recursos, oriundos do CNPq e dos Fundos Setoriais, ser\u00e3o distribu\u00eddos em tr\u00eas faixas de financiamento. A Faixa A, recebe projetos de at\u00e9 R$ 20 mil; Faixa B, para propostas acima de R$ 20 mil e abaixo de R$ 50 mil, e Faixa C, para projetos de R$ 50 mil a R$ 150 mil.<\/p>\n<p>A cria\u00e7\u00e3o de faixas para financiamento das propostas ocorre desde 2007 para possibilitar o apoio a pesquisadores mais jovens, que n\u00e3o concorrem com os grupos consolidados, que tendem a solicitar recursos na maior faixa. De fato, nos editais julgados em 2007 e 2008, 50% e 53%, respectivamente, dos processos aprovados foram apresentados por pesquisadores n\u00e3o bolsistas de Produtividade em Pesquisa (PQ) do CNPq.<\/p>\n<p><strong>Regi\u00f5es <\/strong><\/p>\n<p>Uma parcela m\u00ednima de 30% do total de recursos ser\u00e1 destinada para projetos de pesquisadores vinculados a institui\u00e7\u00f5es sediadas nas regi\u00f5es Norte, Nordeste e Centro-Oeste, incentivando a expans\u00e3o e a consolida\u00e7\u00e3o do Sistema Nacional de Ci\u00eancia, Tecnologia e Inova\u00e7\u00e3o.<\/p>\n<p>Os interessados podem inscrever seus projetos at\u00e9 5 de agosto, por meio do formul\u00e1rio online de propostas, que est\u00e1 dispon\u00edvel na Plataforma Carlos Chagas do CNPq. O resultado ser\u00e1 divulgado em novembro pr\u00f3ximo.<\/p>\n<p>O primeiro Edital Universal foi lan\u00e7ado em 2000. Com um montante de R$ 28,4 milh\u00f5es o Edital conseguiu financiar 952 propostas, das 7,4 mil apresentadas. A partir da\u00ed, o lan\u00e7amento ocorreu a cada dois anos. Desde 2006 o Universal passou a ser lan\u00e7ado anualmente. Em 2008, o Edital recebeu mais de 11, 3 mil propostas. Deste montante foram selecionados 2.742 projetos, com recursos de R$ 97,2 milh\u00f5es, resultando num crescimento de propostas e atendimento quase triplicado em rela\u00e7\u00e3o ao primeiro ano.<\/p>\n<p>Confira o Edital na \u00edntegra no link <a href=\"http:\/\/www.cnpq.br\/editais\/ct\/2009\/universal.htm\"><strong>http:\/\/www.cnpq.br\/editais\/ct\/2009\/universal.htm<\/strong><\/a><\/p>\n","protected":false},"excerpt":{"rendered":"<p>O Conselho Nacional de Desenvolvimento Cient\u00edfico e Tecnol\u00f3gico (CNPq) conclui nesta semana, com o apoio do Minist\u00e9rio da Ci\u00eancia e Tecnologia (MCT) e da Finaciadora de Estudos e Projetos (FINEP), o pagamento dos projetos aprovados no Edital Universal 14\/2008. Conforme assumido no Plano de A\u00e7\u00e3o de Ci\u00eancia, Tecnologia e Inova\u00e7\u00e3o (PAC 2007-2010), o Edital Universal, [&hellip;]<\/p>\n","protected":false},"author":3,"featured_media":0,"comment_status":"open","ping_status":"open","sticky":false,"template":"","format":"standard","meta":{"tdm_status":"","tdm_grid_status":"","footnotes":""},"categories":[22],"tags":[],"class_list":{"0":"post-4023","1":"post","2":"type-post","3":"status-publish","4":"format-standard","6":"category-brasil"},"_links":{"self":[{"href":"https:\/\/migracao.redenoticia.com.br\/noticia\/wp-json\/wp\/v2\/posts\/4023","targetHints":{"allow":["GET"]}}],"collection":[{"href":"https:\/\/migracao.redenoticia.com.br\/noticia\/wp-json\/wp\/v2\/posts"}],"about":[{"href":"https:\/\/migracao.redenoticia.com.br\/noticia\/wp-json\/wp\/v2\/types\/post"}],"author":[{"embeddable":true,"href":"https:\/\/migracao.redenoticia.com.br\/noticia\/wp-json\/wp\/v2\/users\/3"}],"replies":[{"embeddable":true,"href":"https:\/\/migracao.redenoticia.com.br\/noticia\/wp-json\/wp\/v2\/comments?post=4023"}],"version-history":[{"count":0,"href":"https:\/\/migracao.redenoticia.com.br\/noticia\/wp-json\/wp\/v2\/posts\/4023\/revisions"}],"wp:attachment":[{"href":"https:\/\/migracao.redenoticia.com.br\/noticia\/wp-json\/wp\/v2\/media?parent=4023"}],"wp:term":[{"taxonomy":"category","embeddable":true,"href":"https:\/\/migracao.redenoticia.com.br\/noticia\/wp-json\/wp\/v2\/categories?post=4023"},{"taxonomy":"post_tag","embeddable":true,"href":"https:\/\/migracao.redenoticia.com.br\/noticia\/wp-json\/wp\/v2\/tags?post=4023"}],"curies":[{"name":"wp","href":"https:\/\/api.w.org\/{rel}","templated":true}]}}