{"id":40275,"date":"2012-08-17T15:54:59","date_gmt":"2012-08-17T18:54:59","guid":{"rendered":"http:\/\/www.redenoticia.com.br\/noticia\/?p=40275"},"modified":"2012-08-17T15:54:59","modified_gmt":"2012-08-17T18:54:59","slug":"reforma-do-curriculo-do-ensino-medio","status":"publish","type":"post","link":"https:\/\/migracao.redenoticia.com.br\/noticia\/2012\/reforma-do-curriculo-do-ensino-medio\/40275","title":{"rendered":"Reforma do curr\u00edculo do ensino m\u00e9dio"},"content":{"rendered":"<p>O ministro da Educa\u00e7\u00e3o, Aloizio Mercadante, acredita que o pa\u00eds tem motivos para comemorar os resultados do \u00edndice de desenvolvimento da educa\u00e7\u00e3o b\u00e1sica (Ideb) de 2011. Ressalta, no entanto, que \u00e9 necess\u00e1rio avan\u00e7ar em todas as etapas, principalmente no <em><strong>ensino m\u00e9dio<\/strong><\/em>.<\/p>\n<p>Com rela\u00e7\u00e3o a essa etapa do ensino, em que os dados do Ideb apontam quadro de estabilidade, Mercadante diz que as a\u00e7\u00f5es devem passar pela amplia\u00e7\u00e3o das escolas de tempo integral e pela reformula\u00e7\u00e3o do curr\u00edculo. \u201cPrecisamos de um novo curr\u00edculo, mais flex\u00edvel, menos fragmentado, tirando um pouco dessa sobrecarga de disciplinas\u201d, afirmou o ministro, no programa de r\u00e1dio Hora da Educa\u00e7\u00e3o, nesta sexta-feira, 17. O ensino m\u00e9dio da rede p\u00fablica tem hoje 13 disciplinas obrigat\u00f3rias, mas pode chegar a 19, com as opcionais.<\/p>\n<p>Segundo Mercadante, o novo curr\u00edculo do ensino m\u00e9dio deve ser organizado com base nas quatro \u00e1reas de conhecimento cobradas pelo Exame Nacional do Ensino M\u00e9dio (Enem) \u2014 matem\u00e1tica e suas tecnologias; linguagens, c\u00f3digos e suas tecnologias; ci\u00eancias da natureza e suas tecnologias; ci\u00eancias humanas e suas tecnologias. \u201cEm quatro anos, metade das vagas nas universidades federais ser\u00e1 preenchida por alunos de escolas p\u00fablicas\u201d, previu. \u201cEssa chance nunca foi poss\u00edvel antes no Brasil.\u201d<\/p>\n<p>Ainda de acordo com o ministro, haver\u00e1 press\u00e3o por resultados no Enem, \u201cque vai ser o elemento estruturante do ensino m\u00e9dio\u201d.<\/p>\n<p>As novas diretrizes do ensino m\u00e9dio, homologadas em janeiro deste ano, estabelecem que o MEC encaminhe ao Conselho Nacional de Educa\u00e7\u00e3o (CNE) uma proposta de novo curr\u00edculo. O projeto ser\u00e1 apresentado em conson\u00e2ncia com o Plano Nacional de Educa\u00e7\u00e3o, que prev\u00ea o direito de aprendizagem e desenvolvimento dos estudantes do ensino m\u00e9dio. J\u00e1 est\u00e1 em andamento o estudo que permitir\u00e1 o aprofundamento e o detalhamento dessa proposta curricular.<\/p>\n<p>Assessoria de Comunica\u00e7\u00e3o Social<\/p>\n","protected":false},"excerpt":{"rendered":"<p>O ministro da Educa\u00e7\u00e3o, Aloizio Mercadante, acredita que o pa\u00eds tem motivos para comemorar os resultados do \u00edndice de desenvolvimento da educa\u00e7\u00e3o b\u00e1sica (Ideb) de 2011. Ressalta, no entanto, que \u00e9 necess\u00e1rio avan\u00e7ar em todas as etapas, principalmente no ensino m\u00e9dio. Com rela\u00e7\u00e3o a essa etapa do ensino, em que os dados do Ideb apontam [&hellip;]<\/p>\n","protected":false},"author":3,"featured_media":36262,"comment_status":"open","ping_status":"closed","sticky":false,"template":"","format":"standard","meta":{"tdm_status":"","tdm_grid_status":"","footnotes":""},"categories":[22],"tags":[],"class_list":{"0":"post-40275","1":"post","2":"type-post","3":"status-publish","4":"format-standard","5":"has-post-thumbnail","7":"category-brasil"},"_links":{"self":[{"href":"https:\/\/migracao.redenoticia.com.br\/noticia\/wp-json\/wp\/v2\/posts\/40275","targetHints":{"allow":["GET"]}}],"collection":[{"href":"https:\/\/migracao.redenoticia.com.br\/noticia\/wp-json\/wp\/v2\/posts"}],"about":[{"href":"https:\/\/migracao.redenoticia.com.br\/noticia\/wp-json\/wp\/v2\/types\/post"}],"author":[{"embeddable":true,"href":"https:\/\/migracao.redenoticia.com.br\/noticia\/wp-json\/wp\/v2\/users\/3"}],"replies":[{"embeddable":true,"href":"https:\/\/migracao.redenoticia.com.br\/noticia\/wp-json\/wp\/v2\/comments?post=40275"}],"version-history":[{"count":0,"href":"https:\/\/migracao.redenoticia.com.br\/noticia\/wp-json\/wp\/v2\/posts\/40275\/revisions"}],"wp:featuredmedia":[{"embeddable":true,"href":"https:\/\/migracao.redenoticia.com.br\/noticia\/wp-json\/wp\/v2\/media\/36262"}],"wp:attachment":[{"href":"https:\/\/migracao.redenoticia.com.br\/noticia\/wp-json\/wp\/v2\/media?parent=40275"}],"wp:term":[{"taxonomy":"category","embeddable":true,"href":"https:\/\/migracao.redenoticia.com.br\/noticia\/wp-json\/wp\/v2\/categories?post=40275"},{"taxonomy":"post_tag","embeddable":true,"href":"https:\/\/migracao.redenoticia.com.br\/noticia\/wp-json\/wp\/v2\/tags?post=40275"}],"curies":[{"name":"wp","href":"https:\/\/api.w.org\/{rel}","templated":true}]}}