{"id":40278,"date":"2012-08-17T16:05:28","date_gmt":"2012-08-17T19:05:28","guid":{"rendered":"http:\/\/www.redenoticia.com.br\/noticia\/?p=40278"},"modified":"2012-08-20T13:52:50","modified_gmt":"2012-08-20T16:52:50","slug":"inscricoes-para-vestibular-da-unicamp-2013","status":"publish","type":"post","link":"https:\/\/migracao.redenoticia.com.br\/noticia\/2012\/inscricoes-para-vestibular-da-unicamp-2013\/40278","title":{"rendered":"Inscri\u00e7\u00f5es para vestibular da Unicamp 2013"},"content":{"rendered":"<p>A Comiss\u00e3o Permanente para os <em><strong>Vestibulares da Unicamp<\/strong><\/em> (Comvest) inicia as inscri\u00e7\u00f5es para o Vestibular Nacional Unicamp 2013 no pr\u00f3ximo dia 20. As inscri\u00e7\u00f5es podem ser feitas at\u00e9 o dia 14 de setembro, exclusivamente pela internet, em formul\u00e1rio dispon\u00edvel na\u00a0<a href=\"http:\/\/www.comvest.unicamp.br\/\" target=\"_blank\">p\u00e1gina eletr\u00f4nica<\/a>\u00a0da Comvest.<\/p>\n<p>S\u00e3o 3.444 vagas em 68 cursos da Unicamp e dois cursos da Famerp (Faculdade p\u00fablica de Medicina e Enfermagem de S\u00e3o Jos\u00e9 do Rio Preto). O Kit do Vestibulando (Manual do Candidato e Revista do Vestibulando) \u00e9 gratuito e estar\u00e1 dispon\u00edvel a partir do in\u00edcio das inscri\u00e7\u00f5es para consulta e impress\u00e3o na p\u00e1gina eletr\u00f4nica da Comvest. A primeira fase ser\u00e1 realizada em 11 de novembro de 2012 e a segunda fase, nos dias 13, 14 e 15 de janeiro de 2013.<\/p>\n<p>Isen\u00e7\u00e3o da taxa de inscri\u00e7\u00e3o<\/p>\n<p>A Comvest vai beneficiar 4.613 candidatos com a isen\u00e7\u00e3o do pagamento da taxa de inscri\u00e7\u00e3o para o Vestibular 2013. Todos os estudantes que solicitaram isen\u00e7\u00e3o e preencheram os requisitos b\u00e1sicos foram beneficiados. Este ano, a Comvest recebeu 6.306 pedidos. Os contemplados j\u00e1 podem consultar na\u00a0<a href=\"http:\/\/www.comvest.unicamp.br\/\" target=\"_blank\">p\u00e1gina eletr\u00f4nica<\/a>\u00a0da Comvest o c\u00f3digo de isento necess\u00e1rio para se inscrever no vestibular sem precisar pagar a taxa, que ser\u00e1 de 135,00 reais.<\/p>\n<p>Do Portal do Governo do Estado<\/p>\n<div><\/div>\n","protected":false},"excerpt":{"rendered":"<p>A Comiss\u00e3o Permanente para os Vestibulares da Unicamp (Comvest) inicia as inscri\u00e7\u00f5es para o Vestibular Nacional Unicamp 2013 no pr\u00f3ximo dia 20. As inscri\u00e7\u00f5es podem ser feitas at\u00e9 o dia 14 de setembro, exclusivamente pela internet, em formul\u00e1rio dispon\u00edvel na\u00a0p\u00e1gina eletr\u00f4nica\u00a0da Comvest. S\u00e3o 3.444 vagas em 68 cursos da Unicamp e dois cursos da Famerp [&hellip;]<\/p>\n","protected":false},"author":3,"featured_media":36244,"comment_status":"open","ping_status":"closed","sticky":false,"template":"","format":"standard","meta":{"tdm_status":"","tdm_grid_status":"","footnotes":""},"categories":[370,295],"tags":[],"class_list":{"0":"post-40278","1":"post","2":"type-post","3":"status-publish","4":"format-standard","5":"has-post-thumbnail","7":"category-inscricao","8":"category-vestibular"},"_links":{"self":[{"href":"https:\/\/migracao.redenoticia.com.br\/noticia\/wp-json\/wp\/v2\/posts\/40278","targetHints":{"allow":["GET"]}}],"collection":[{"href":"https:\/\/migracao.redenoticia.com.br\/noticia\/wp-json\/wp\/v2\/posts"}],"about":[{"href":"https:\/\/migracao.redenoticia.com.br\/noticia\/wp-json\/wp\/v2\/types\/post"}],"author":[{"embeddable":true,"href":"https:\/\/migracao.redenoticia.com.br\/noticia\/wp-json\/wp\/v2\/users\/3"}],"replies":[{"embeddable":true,"href":"https:\/\/migracao.redenoticia.com.br\/noticia\/wp-json\/wp\/v2\/comments?post=40278"}],"version-history":[{"count":0,"href":"https:\/\/migracao.redenoticia.com.br\/noticia\/wp-json\/wp\/v2\/posts\/40278\/revisions"}],"wp:featuredmedia":[{"embeddable":true,"href":"https:\/\/migracao.redenoticia.com.br\/noticia\/wp-json\/wp\/v2\/media\/36244"}],"wp:attachment":[{"href":"https:\/\/migracao.redenoticia.com.br\/noticia\/wp-json\/wp\/v2\/media?parent=40278"}],"wp:term":[{"taxonomy":"category","embeddable":true,"href":"https:\/\/migracao.redenoticia.com.br\/noticia\/wp-json\/wp\/v2\/categories?post=40278"},{"taxonomy":"post_tag","embeddable":true,"href":"https:\/\/migracao.redenoticia.com.br\/noticia\/wp-json\/wp\/v2\/tags?post=40278"}],"curies":[{"name":"wp","href":"https:\/\/api.w.org\/{rel}","templated":true}]}}