{"id":40315,"date":"2012-08-21T08:30:43","date_gmt":"2012-08-21T11:30:43","guid":{"rendered":"http:\/\/www.redenoticia.com.br\/noticia\/?p=40315"},"modified":"2012-08-21T08:30:43","modified_gmt":"2012-08-21T11:30:43","slug":"unb-tera-nova-assembleia-para-discutir-fim-da-greve","status":"publish","type":"post","link":"https:\/\/migracao.redenoticia.com.br\/noticia\/2012\/unb-tera-nova-assembleia-para-discutir-fim-da-greve\/40315","title":{"rendered":"UnB ter\u00e1 nova assembleia para discutir fim da greve"},"content":{"rendered":"<p>Bras\u00edlia \u2013 A Associa\u00e7\u00e3o dos Docentes da Universidade de Bras\u00edlia (ADUnB) marcou uma nova assembleia para sexta-feira (24) para rediscutir o fim da <em><strong>greve<\/strong><\/em> na institui\u00e7\u00e3o. Na \u00faltima sexta-feira, uma assembleia com a participa\u00e7\u00e3o de cerca de 250 professores decidiu interromper a paralisa\u00e7\u00e3o, que durava quase tr\u00eas meses. Mas o comando local de greve questionou a validade dessa assembleia e pediu a retomada da greve.<\/p>\n<p>Inicialmente, a assembleia que decidiria pelo fim da greve estava marcada para amanh\u00e3 (21), mas foi antecipada para a \u00faltima sexta-feira. O comando de greve local avaliou que a decis\u00e3o n\u00e3o era v\u00e1lida e pediu que fosse mantida a reuni\u00e3o de amanh\u00e3. De acordo com Rodrigo Dantas, membro do comando, a realiza\u00e7\u00e3o de uma assembleia s\u00f3 na sexta-feira \u00e9 &#8220;inadmimiss\u00edvel&#8221;, porque a universidade passaria uma semana &#8220;no limbo&#8221;.<\/p>\n<p>O comando local ainda est\u00e1 reunido avaliando essa proposta, mas segundo Dantas dificilmente ser\u00e1 aceita a data proposta pela ADUnB. Segundo ele, a nova assembleia dever\u00e1 ser marcada para &#8220;o mais r\u00e1pido poss\u00edvel&#8221;.<br \/>\n&#8220;A greve foi encerrada numa assembleia ileg\u00edtima e hoje praticamente n\u00e3o teve aula, a universidade est\u00e1 absolutamente esvaziada&#8221;, disse.<\/p>\n<p>De acordo com a ADUnB, n\u00e3o seria poss\u00edvel fazer uma nova assembleia amanh\u00e3 porque pela lei essas reuni\u00f5es precisam ser marcada com um prazo m\u00ednimo de anteced\u00eancia. Como na quarta-feiras e quinta-feira haver\u00e1 elei\u00e7\u00e3o para reitor na universidade, a solu\u00e7\u00e3o foi agendar a nova assembleia para sexta-feira. A orienta\u00e7\u00e3o do sindicato \u00e9 que, enquanto n\u00e3o for tomada uma nova decis\u00e3o sobre a manuten\u00e7\u00e3o da greve, as aulas sejam mantidas.<\/p>\n<p>Amanda Cieglinski<br \/>\nRep\u00f3rter da Ag\u00eancia Brasil<br \/>\nEdi\u00e7\u00e3o: Rivadavia Severo<\/p>\n","protected":false},"excerpt":{"rendered":"<p>Bras\u00edlia \u2013 A Associa\u00e7\u00e3o dos Docentes da Universidade de Bras\u00edlia (ADUnB) marcou uma nova assembleia para sexta-feira (24) para rediscutir o fim da greve na institui\u00e7\u00e3o. Na \u00faltima sexta-feira, uma assembleia com a participa\u00e7\u00e3o de cerca de 250 professores decidiu interromper a paralisa\u00e7\u00e3o, que durava quase tr\u00eas meses. Mas o comando local de greve questionou [&hellip;]<\/p>\n","protected":false},"author":3,"featured_media":36241,"comment_status":"open","ping_status":"closed","sticky":false,"template":"","format":"standard","meta":{"tdm_status":"","tdm_grid_status":"","footnotes":""},"categories":[22],"tags":[],"class_list":{"0":"post-40315","1":"post","2":"type-post","3":"status-publish","4":"format-standard","5":"has-post-thumbnail","7":"category-brasil"},"_links":{"self":[{"href":"https:\/\/migracao.redenoticia.com.br\/noticia\/wp-json\/wp\/v2\/posts\/40315","targetHints":{"allow":["GET"]}}],"collection":[{"href":"https:\/\/migracao.redenoticia.com.br\/noticia\/wp-json\/wp\/v2\/posts"}],"about":[{"href":"https:\/\/migracao.redenoticia.com.br\/noticia\/wp-json\/wp\/v2\/types\/post"}],"author":[{"embeddable":true,"href":"https:\/\/migracao.redenoticia.com.br\/noticia\/wp-json\/wp\/v2\/users\/3"}],"replies":[{"embeddable":true,"href":"https:\/\/migracao.redenoticia.com.br\/noticia\/wp-json\/wp\/v2\/comments?post=40315"}],"version-history":[{"count":0,"href":"https:\/\/migracao.redenoticia.com.br\/noticia\/wp-json\/wp\/v2\/posts\/40315\/revisions"}],"wp:featuredmedia":[{"embeddable":true,"href":"https:\/\/migracao.redenoticia.com.br\/noticia\/wp-json\/wp\/v2\/media\/36241"}],"wp:attachment":[{"href":"https:\/\/migracao.redenoticia.com.br\/noticia\/wp-json\/wp\/v2\/media?parent=40315"}],"wp:term":[{"taxonomy":"category","embeddable":true,"href":"https:\/\/migracao.redenoticia.com.br\/noticia\/wp-json\/wp\/v2\/categories?post=40315"},{"taxonomy":"post_tag","embeddable":true,"href":"https:\/\/migracao.redenoticia.com.br\/noticia\/wp-json\/wp\/v2\/tags?post=40315"}],"curies":[{"name":"wp","href":"https:\/\/api.w.org\/{rel}","templated":true}]}}