{"id":40321,"date":"2012-08-21T08:49:05","date_gmt":"2012-08-21T11:49:05","guid":{"rendered":"http:\/\/www.redenoticia.com.br\/noticia\/?p=40321"},"modified":"2012-08-21T08:49:05","modified_gmt":"2012-08-21T11:49:05","slug":"horario-eleitoral-gratuito-nas-emissoras-de-radio-e-televisao","status":"publish","type":"post","link":"https:\/\/migracao.redenoticia.com.br\/noticia\/2012\/horario-eleitoral-gratuito-nas-emissoras-de-radio-e-televisao\/40321","title":{"rendered":"Hor\u00e1rio eleitoral gratuito nas emissoras de r\u00e1dio e televis\u00e3o"},"content":{"rendered":"<p>Bras\u00edlia \u2013 Come\u00e7a hoje (21) nas emissoras de r\u00e1dio e televis\u00e3o a exibi\u00e7\u00e3o da <em><strong>propaganda eleitoral gratuita<\/strong><\/em>. A exibi\u00e7\u00e3o \u00e9 obrigat\u00f3ria e vai at\u00e9 o dia 4 de outubro. Por\u00e9m, haver\u00e1 ainda espa\u00e7o para a divulga\u00e7\u00e3o dos candidatos e partidos na internet e nos ve\u00edculos impressos de imprensa at\u00e9 o dia 5 de outubro e de propaganda em alto-falantes e amplificadores at\u00e9 6 do mesmo m\u00eas.<\/p>\n<p>As elei\u00e7\u00f5es municipais ocorrem nos dias 7 e 28 de outubro \u2013 primeiro e segundo turnos \u2013 e destinam-se \u00e0 escolha dos prefeitos, vice-prefeitos e vereadores. Em outubro, haver\u00e1 elei\u00e7\u00f5es em mais de 5,5 mil munic\u00edpios de todo o pa\u00eds.<\/p>\n<p>Ontem (20), foi publicado no Di\u00e1rio Oficial da Uni\u00e3o o Decreto 7.791 que determina que as emissoras de r\u00e1dio e televis\u00e3o que exibirem a propaganda eleitoral gratuita ter\u00e3o dedu\u00e7\u00e3o do Imposto de Renda Pessoa Jur\u00eddica (IRPJ).<\/p>\n<p>Pelo decreto, haver\u00e1 um coeficiente percentual para definir o valor a ser deduzido do IRPJ. As bases de c\u00e1lculo para a dedu\u00e7\u00e3o ser\u00e3o os recolhimentos mensais previstos na legisla\u00e7\u00e3o fiscal e do lucro presumido. A apura\u00e7\u00e3o do valor de compensa\u00e7\u00e3o ser\u00e1 mensal, segundo o texto.<\/p>\n<p>Ser\u00e3o considerados ainda o valor referente ao hor\u00e1rio cedido nas emissoras de r\u00e1dio e televis\u00e3o \u2013 determinados per\u00edodos do dia s\u00e3o considerados nobres, como o hor\u00e1rio do almo\u00e7o e o fim da tarde, no caso das r\u00e1dios, e das 20h, das televis\u00f5es. Tamb\u00e9m v\u00e3o ser avaliados os valores, observando se a propaganda ser\u00e1 exibida em bloco ou de forma individual.<\/p>\n<p>Renata Giraldi<br \/>\nRep\u00f3rter da Ag\u00eancia Brasil<br \/>\nEdi\u00e7\u00e3o: Gra\u00e7a Adjuto<\/p>\n","protected":false},"excerpt":{"rendered":"<p>Bras\u00edlia \u2013 Come\u00e7a hoje (21) nas emissoras de r\u00e1dio e televis\u00e3o a exibi\u00e7\u00e3o da propaganda eleitoral gratuita. A exibi\u00e7\u00e3o \u00e9 obrigat\u00f3ria e vai at\u00e9 o dia 4 de outubro. Por\u00e9m, haver\u00e1 ainda espa\u00e7o para a divulga\u00e7\u00e3o dos candidatos e partidos na internet e nos ve\u00edculos impressos de imprensa at\u00e9 o dia 5 de outubro e [&hellip;]<\/p>\n","protected":false},"author":3,"featured_media":39956,"comment_status":"open","ping_status":"closed","sticky":false,"template":"","format":"standard","meta":{"tdm_status":"","tdm_grid_status":"","footnotes":""},"categories":[22],"tags":[],"class_list":{"0":"post-40321","1":"post","2":"type-post","3":"status-publish","4":"format-standard","5":"has-post-thumbnail","7":"category-brasil"},"_links":{"self":[{"href":"https:\/\/migracao.redenoticia.com.br\/noticia\/wp-json\/wp\/v2\/posts\/40321","targetHints":{"allow":["GET"]}}],"collection":[{"href":"https:\/\/migracao.redenoticia.com.br\/noticia\/wp-json\/wp\/v2\/posts"}],"about":[{"href":"https:\/\/migracao.redenoticia.com.br\/noticia\/wp-json\/wp\/v2\/types\/post"}],"author":[{"embeddable":true,"href":"https:\/\/migracao.redenoticia.com.br\/noticia\/wp-json\/wp\/v2\/users\/3"}],"replies":[{"embeddable":true,"href":"https:\/\/migracao.redenoticia.com.br\/noticia\/wp-json\/wp\/v2\/comments?post=40321"}],"version-history":[{"count":0,"href":"https:\/\/migracao.redenoticia.com.br\/noticia\/wp-json\/wp\/v2\/posts\/40321\/revisions"}],"wp:featuredmedia":[{"embeddable":true,"href":"https:\/\/migracao.redenoticia.com.br\/noticia\/wp-json\/wp\/v2\/media\/39956"}],"wp:attachment":[{"href":"https:\/\/migracao.redenoticia.com.br\/noticia\/wp-json\/wp\/v2\/media?parent=40321"}],"wp:term":[{"taxonomy":"category","embeddable":true,"href":"https:\/\/migracao.redenoticia.com.br\/noticia\/wp-json\/wp\/v2\/categories?post=40321"},{"taxonomy":"post_tag","embeddable":true,"href":"https:\/\/migracao.redenoticia.com.br\/noticia\/wp-json\/wp\/v2\/tags?post=40321"}],"curies":[{"name":"wp","href":"https:\/\/api.w.org\/{rel}","templated":true}]}}