{"id":4033,"date":"2009-06-28T16:34:20","date_gmt":"2009-06-28T20:34:20","guid":{"rendered":"http:\/\/www.redenoticia.com.br\/noticia\/?p=4033"},"modified":"2009-06-28T16:34:20","modified_gmt":"2009-06-28T20:34:20","slug":"serrarias-usam-balsas-para-escoarem-toras-e-driblam-fiscalizacao-por-satelite","status":"publish","type":"post","link":"https:\/\/migracao.redenoticia.com.br\/noticia\/2009\/serrarias-usam-balsas-para-escoarem-toras-e-driblam-fiscalizacao-por-satelite\/4033","title":{"rendered":"Serrarias usam balsas para escoarem toras e driblam fiscaliza\u00e7\u00e3o por sat\u00e9lite"},"content":{"rendered":"<p><a href=\"https:\/\/migracao.redenoticia.com.br\/noticia\/imagens\/\/madeira.jpg\"><img loading=\"lazy\" decoding=\"async\" class=\"alignleft size-medium wp-image-4034\" title=\"madeira\" src=\"https:\/\/migracao.redenoticia.com.br\/noticia\/imagens\/\/madeira-249x187.jpg\" alt=\"madeira\" width=\"249\" height=\"187\" \/><\/a>O Minist\u00e9rio do Meio Ambiente, o Ibama\u00a0 e as pol\u00edcias Federal e Civil v\u00e3o montar uma base fluvial de fiscaliza\u00e7\u00e3o na conflu\u00eancia entre os rios Curu\u00e1-una e o Amazonas para coibir o transporte de madeira ilegal na regi\u00e3o de Santar\u00e9m, no Par\u00e1. A medida foi anunciada hoje pelo ministro Carlos Minc, durante a opera\u00e7\u00e3o Bajara, que apreendeu cerca de 1000 m3 de madeira ilegal na regi\u00e3o de Santar\u00e9m (PA). Minc constatou at\u00e9 a esperteza dos madeireiros para driblar a fiscaliza\u00e7\u00e3o por sat\u00e9lite.<\/p>\n<p>Dados das autoridades ambientais que atuam na regi\u00e3o d\u00e3o conta de que o volume total de toras extra\u00eddas ilegalmente, e que seriam escoadas pelo rio, pode chegar a\u00a0cerca de 40\u00a0vezes o que foi apreendido, o suficiente para encher 10 mil caminh\u00f5es. A madeira\u00a0chegou a ser\u00a0observada em sobrev\u00f4o. Somente no local do pouso do helic\u00f3ptero foi encontrado 3 mil metros c\u00fabicos.<\/p>\n<p>O ministro anunciou, ainda, que a Pol\u00edcia Federal, a For\u00e7a Nacional de Seguran\u00e7a e o Ibama iniciam nesta segunda-feira (29) uma mega opera\u00e7\u00e3o de desarmamento na regi\u00e3o, dominada pelas mil\u00edcias que d\u00e3o apoio \u00e0 explora\u00e7\u00e3o ilegal de madeira nobre. A ideia \u00e9 quebrar o sistema de prote\u00e7\u00e3o, inibir a grilagem e conter a viol\u00eancia na \u00e1rea, para assegurar a atua\u00e7\u00e3o efetiva da fiscaliza\u00e7\u00e3o e combate ao desmatamento no oeste do Par\u00e1.<\/p>\n<p>A opera\u00e7\u00e3o Bajara, a 23\u00aa que conta com a participa\u00e7\u00e3o direta de Minc, teve in\u00edcio na manh\u00e3 desta sexta-feira (26), com a apreens\u00e3o pelas autoridades de uma balsa que transportava grande quantidade de madeira. Nas vias de acesso \u00e0 serraria e numa clareira no meio da floresta foi apreendida enorme quantidade de madeira pronta para ser embarcada pelo rio.<\/p>\n<p>Os desmatadores, segundo o ministro, est\u00e3o cada vez mais se sofisticando para inibir a a\u00e7\u00e3o fiscalizadora por sat\u00e9lite, os programas Prodes e Deter, do Inpe. &#8220;Desta vez eles conseguiram driblar a detec\u00e7\u00e3o fazendo um corte seletivo, retirando apenas madeiras nobres&#8221;, constatou Minc.<\/p>\n<p>A a\u00e7\u00e3o contou com a participa\u00e7\u00e3o do assessor especial do MMA, Jos\u00e9 Maur\u00edcio Padrone que coordenou\u00a0a parte operacional da a\u00e7\u00e3o, do Chefe de Fiscaliza\u00e7\u00e3o Gustavo Podest\u00e1 e a da gerente regional do Ibama em Santar\u00e9m, Poliana Nunes.<\/p>\n<p><em>ASCOM<\/em><\/p>\n","protected":false},"excerpt":{"rendered":"<p>O Minist\u00e9rio do Meio Ambiente, o Ibama\u00a0 e as pol\u00edcias Federal e Civil v\u00e3o montar uma base fluvial de fiscaliza\u00e7\u00e3o na conflu\u00eancia entre os rios Curu\u00e1-una e o Amazonas para coibir o transporte de madeira ilegal na regi\u00e3o de Santar\u00e9m, no Par\u00e1. A medida foi anunciada hoje pelo ministro Carlos Minc, durante a opera\u00e7\u00e3o Bajara, [&hellip;]<\/p>\n","protected":false},"author":3,"featured_media":0,"comment_status":"open","ping_status":"open","sticky":false,"template":"","format":"standard","meta":{"tdm_status":"","tdm_grid_status":"","footnotes":""},"categories":[22],"tags":[],"class_list":{"0":"post-4033","1":"post","2":"type-post","3":"status-publish","4":"format-standard","6":"category-brasil"},"_links":{"self":[{"href":"https:\/\/migracao.redenoticia.com.br\/noticia\/wp-json\/wp\/v2\/posts\/4033","targetHints":{"allow":["GET"]}}],"collection":[{"href":"https:\/\/migracao.redenoticia.com.br\/noticia\/wp-json\/wp\/v2\/posts"}],"about":[{"href":"https:\/\/migracao.redenoticia.com.br\/noticia\/wp-json\/wp\/v2\/types\/post"}],"author":[{"embeddable":true,"href":"https:\/\/migracao.redenoticia.com.br\/noticia\/wp-json\/wp\/v2\/users\/3"}],"replies":[{"embeddable":true,"href":"https:\/\/migracao.redenoticia.com.br\/noticia\/wp-json\/wp\/v2\/comments?post=4033"}],"version-history":[{"count":0,"href":"https:\/\/migracao.redenoticia.com.br\/noticia\/wp-json\/wp\/v2\/posts\/4033\/revisions"}],"wp:attachment":[{"href":"https:\/\/migracao.redenoticia.com.br\/noticia\/wp-json\/wp\/v2\/media?parent=4033"}],"wp:term":[{"taxonomy":"category","embeddable":true,"href":"https:\/\/migracao.redenoticia.com.br\/noticia\/wp-json\/wp\/v2\/categories?post=4033"},{"taxonomy":"post_tag","embeddable":true,"href":"https:\/\/migracao.redenoticia.com.br\/noticia\/wp-json\/wp\/v2\/tags?post=4033"}],"curies":[{"name":"wp","href":"https:\/\/api.w.org\/{rel}","templated":true}]}}