{"id":40334,"date":"2012-08-22T10:59:04","date_gmt":"2012-08-22T13:59:04","guid":{"rendered":"http:\/\/www.redenoticia.com.br\/noticia\/?p=40334"},"modified":"2012-08-22T10:59:04","modified_gmt":"2012-08-22T13:59:04","slug":"movimento-grevista-vai-terminar-avalia-advogado-geral-da-uniao","status":"publish","type":"post","link":"https:\/\/migracao.redenoticia.com.br\/noticia\/2012\/movimento-grevista-vai-terminar-avalia-advogado-geral-da-uniao\/40334","title":{"rendered":"Movimento grevista vai terminar, avalia advogado-geral da Uni\u00e3o"},"content":{"rendered":"<p>Bras\u00edlia \u2013 O advogado-geral da Uni\u00e3o, Lu\u00eds In\u00e1cio Adams, acredita que o <em><strong>movimento grevista<\/strong> <\/em>que atinge cerca de 30 categorias do servi\u00e7o p\u00fablico federal vai terminar em breve. De acordo com ele, as decis\u00f5es judiciais recentes contra exageros e a proposta razo\u00e1vel de reajuste apresentada pelo governo dever\u00e3o colaborar para enfraquecer o movimento.<\/p>\n<p>\u201cO governo apresentou uma proposta muito boa, que mant\u00e9m o poder aquisitivo nos pr\u00f3ximos tr\u00eas anos. A Justi\u00e7a tem sustentado v\u00e1rios mandados de seguran\u00e7a e v\u00e1rias tentativas de suspender cortes de ponto foram indeferidas\u201d, avalia Adams.<\/p>\n<p>O ministro diz que o governo tem instrumentos para garantir a aplica\u00e7\u00e3o da lei, mas nega que a presidenta Dilma Rousseff tenha optado por endurecer contra os grevistas. \u201cO governo n\u00e3o \u00e9 duro, ele s\u00f3 cumpre a lei &#8211; s\u00f3 se a lei \u00e9 dura. O governo n\u00e3o pode ter prostra\u00e7\u00e3o, ser obrigado a aceitar a demanda s\u00f3 porque ela foi feita\u201d, argumenta Adams.<\/p>\n<p>O advogado-geral tamb\u00e9m defende a aprova\u00e7\u00e3o urgente da lei de greve no servi\u00e7o p\u00fablico para, segundo ele, \u201cn\u00e3o termos situa\u00e7\u00e3o de abandono\u201d. O ministro acredita que a lei da iniciativa privada serve de base, mas n\u00e3o \u00e9 ideal, pois o servi\u00e7o p\u00fablico \u00e9 focado no atendimento ao cidad\u00e3o, enquanto o servi\u00e7o privado visa ao lucro.<\/p>\n<p>Adams defende, por exemplo, uma defini\u00e7\u00e3o pr\u00f3pria do percentual m\u00ednimo de servidores que devem trabalhar &#8211; entre 50% e 100%, dependendo do setor &#8211; e mais clareza sobre o tratamento \u00e0s opera\u00e7\u00f5es-padr\u00e3o, assim como a regulamenta\u00e7\u00e3o de paralisa\u00e7\u00f5es em per\u00edodos-chave para o pa\u00eds. \u201c\u00c9 razo\u00e1vel greve no per\u00edodo eleitoral, impedindo o cidad\u00e3o de exercer o seu direito mais democr\u00e1tico que \u00e9 votar?\u201d, indaga.<\/p>\n<p>O ministro tamb\u00e9m acredita que a nova lei de greve do servi\u00e7o p\u00fablico deve trazer puni\u00e7\u00f5es mais severas a servidores que desrespeitarem a legisla\u00e7\u00e3o em vigor ou decis\u00f5es judiciais, ou ainda \u00e0queles que fazem piquetes, colocam cadeados e agridem colegas para impedi-los de chegar ao local de trabalho.<\/p>\n<p>D\u00e9bora Zampier<br \/>\nRep\u00f3rter da Ag\u00eancia Brasil<br \/>\nEdi\u00e7\u00e3o: Gra\u00e7a Adjuto<\/p>\n","protected":false},"excerpt":{"rendered":"<p>Bras\u00edlia \u2013 O advogado-geral da Uni\u00e3o, Lu\u00eds In\u00e1cio Adams, acredita que o movimento grevista que atinge cerca de 30 categorias do servi\u00e7o p\u00fablico federal vai terminar em breve. De acordo com ele, as decis\u00f5es judiciais recentes contra exageros e a proposta razo\u00e1vel de reajuste apresentada pelo governo dever\u00e3o colaborar para enfraquecer o movimento. \u201cO governo [&hellip;]<\/p>\n","protected":false},"author":3,"featured_media":38938,"comment_status":"open","ping_status":"closed","sticky":false,"template":"","format":"standard","meta":{"tdm_status":"","tdm_grid_status":"","footnotes":""},"categories":[22,7],"tags":[],"class_list":{"0":"post-40334","1":"post","2":"type-post","3":"status-publish","4":"format-standard","5":"has-post-thumbnail","7":"category-brasil","8":"category-economia"},"_links":{"self":[{"href":"https:\/\/migracao.redenoticia.com.br\/noticia\/wp-json\/wp\/v2\/posts\/40334","targetHints":{"allow":["GET"]}}],"collection":[{"href":"https:\/\/migracao.redenoticia.com.br\/noticia\/wp-json\/wp\/v2\/posts"}],"about":[{"href":"https:\/\/migracao.redenoticia.com.br\/noticia\/wp-json\/wp\/v2\/types\/post"}],"author":[{"embeddable":true,"href":"https:\/\/migracao.redenoticia.com.br\/noticia\/wp-json\/wp\/v2\/users\/3"}],"replies":[{"embeddable":true,"href":"https:\/\/migracao.redenoticia.com.br\/noticia\/wp-json\/wp\/v2\/comments?post=40334"}],"version-history":[{"count":0,"href":"https:\/\/migracao.redenoticia.com.br\/noticia\/wp-json\/wp\/v2\/posts\/40334\/revisions"}],"wp:featuredmedia":[{"embeddable":true,"href":"https:\/\/migracao.redenoticia.com.br\/noticia\/wp-json\/wp\/v2\/media\/38938"}],"wp:attachment":[{"href":"https:\/\/migracao.redenoticia.com.br\/noticia\/wp-json\/wp\/v2\/media?parent=40334"}],"wp:term":[{"taxonomy":"category","embeddable":true,"href":"https:\/\/migracao.redenoticia.com.br\/noticia\/wp-json\/wp\/v2\/categories?post=40334"},{"taxonomy":"post_tag","embeddable":true,"href":"https:\/\/migracao.redenoticia.com.br\/noticia\/wp-json\/wp\/v2\/tags?post=40334"}],"curies":[{"name":"wp","href":"https:\/\/api.w.org\/{rel}","templated":true}]}}