{"id":40335,"date":"2012-08-22T11:01:44","date_gmt":"2012-08-22T14:01:44","guid":{"rendered":"http:\/\/www.redenoticia.com.br\/noticia\/?p=40335"},"modified":"2012-08-22T11:01:44","modified_gmt":"2012-08-22T14:01:44","slug":"mec-quer-substituir-prova-brasil-pelo-enem-na-avaliacao-do-ensino-medio","status":"publish","type":"post","link":"https:\/\/migracao.redenoticia.com.br\/noticia\/2012\/mec-quer-substituir-prova-brasil-pelo-enem-na-avaliacao-do-ensino-medio\/40335","title":{"rendered":"MEC quer substituir Prova Brasil pelo Enem na avalia\u00e7\u00e3o do ensino m\u00e9dio"},"content":{"rendered":"<p>Bras\u00edlia \u2013 O ministro da Educa\u00e7\u00e3o, Aloizio Mercadante, anunciou hoje (21) que a pasta vai mudar a forma de avaliar a qualidade do ensino m\u00e9dio. A proposta \u00e9 substituir a Prova Brasil, avalia\u00e7\u00e3o que comp\u00f5e o \u00cdndice de Desenvolvimento da Educa\u00e7\u00e3o B\u00e1sica (Ideb), pelo Exame Nacional do Ensino M\u00e9dio (<em><strong>Enem<\/strong><\/em>).<\/p>\n<p>O argumento do ministro \u00e9 que apenas 69 mil estudantes em um universo de 8 milh\u00f5es participam da Prova Brasil, enquanto o Enem \u00e9 quase censit\u00e1rio. A mudan\u00e7a j\u00e1 valeria para 2013.<\/p>\n<p>Mercadante se reuniu com os secret\u00e1rios de Educa\u00e7\u00e3o dos estados e, segundo ele, \u00e9 un\u00e2nime entre os dirigentes a necessidade de usar o Enem como par\u00e2metro da qualidade. Os resultados do Ideb de 2011, anunciados na semana passada, mostraram uma quase estagna\u00e7\u00e3o em rela\u00e7\u00e3o a 2009 e uma piora da qualidade do ensino em alguns estados.<\/p>\n<p>No entanto, se forem consideradas as notas do Enem obtidas por alunos da rede p\u00fablica, h\u00e1 uma evolu\u00e7\u00e3o. Em portugu\u00eas, a m\u00e9dia dos alunos da rede p\u00fablica cresceu de 477,9 pontos para 503,7 pontos entre 2009 e 2011. Em matem\u00e1tica a evolu\u00e7\u00e3o foi de 477,1 pontos para 492,9 pontos no mesmo per\u00edodo de compara\u00e7\u00e3o.<\/p>\n<p>O ministro negou que a inten\u00e7\u00e3o seja mudar o indicador para melhorar o resultado. Para ele, os resultados do Enem s\u00e3o mais fidedignos porque a amostra de participantes \u00e9 maior e os alunos fazem a prova com mais comprometimento, j\u00e1 que podem usar os resultados do Enem para ingressar em um curso superior.<\/p>\n<p>Para o ministro a motiva\u00e7\u00e3o \u00e9 a grande explica\u00e7\u00e3o para a diferen\u00e7a de resultados entre Ideb e Enem. \u201cO Enem se consolidou e \u00e9 ele que deve realmente avaliar a qualidade do ensino m\u00e9dio. Quando mostro o Enem, a profici\u00eancia em portugu\u00eas e matem\u00e1tica evoluiu muito positivamente\u201d, defendeu.<\/p>\n<p>O MEC encomendou ao Instituto Nacional de Estudos e Pesquisa Educacionais (Inep) um estudo para que, na mudan\u00e7a de metodologia, n\u00e3o se perca a s\u00e9rie hist\u00f3rica que j\u00e1 existe com a Prova Brasil e que permite comparar a evolu\u00e7\u00e3o da qualidade e o cumprimento ou n\u00e3o das metas de melhoria.<\/p>\n<p>Para o presidente do Inep, Luiz Cl\u00e1udio Costa, a mudan\u00e7a n\u00e3o tenta \u201cminimizar o problema que existe no ensino m\u00e9dio\u201d. Segundo argumenta, \u201cn\u00e3o \u00e9 maquiagem, de fato n\u00f3s temos problemas no ensino m\u00e9dio\u201d.<\/p>\n<p>Amanda Cieglinski<br \/>\nRep\u00f3rter da Ag\u00eancia Brasil<br \/>\nEdi\u00e7\u00e3o: Davi Oliveira<\/p>\n","protected":false},"excerpt":{"rendered":"<p>Bras\u00edlia \u2013 O ministro da Educa\u00e7\u00e3o, Aloizio Mercadante, anunciou hoje (21) que a pasta vai mudar a forma de avaliar a qualidade do ensino m\u00e9dio. A proposta \u00e9 substituir a Prova Brasil, avalia\u00e7\u00e3o que comp\u00f5e o \u00cdndice de Desenvolvimento da Educa\u00e7\u00e3o B\u00e1sica (Ideb), pelo Exame Nacional do Ensino M\u00e9dio (Enem). O argumento do ministro \u00e9 [&hellip;]<\/p>\n","protected":false},"author":3,"featured_media":36938,"comment_status":"open","ping_status":"closed","sticky":false,"template":"","format":"standard","meta":{"tdm_status":"","tdm_grid_status":"","footnotes":""},"categories":[22],"tags":[],"class_list":{"0":"post-40335","1":"post","2":"type-post","3":"status-publish","4":"format-standard","5":"has-post-thumbnail","7":"category-brasil"},"_links":{"self":[{"href":"https:\/\/migracao.redenoticia.com.br\/noticia\/wp-json\/wp\/v2\/posts\/40335","targetHints":{"allow":["GET"]}}],"collection":[{"href":"https:\/\/migracao.redenoticia.com.br\/noticia\/wp-json\/wp\/v2\/posts"}],"about":[{"href":"https:\/\/migracao.redenoticia.com.br\/noticia\/wp-json\/wp\/v2\/types\/post"}],"author":[{"embeddable":true,"href":"https:\/\/migracao.redenoticia.com.br\/noticia\/wp-json\/wp\/v2\/users\/3"}],"replies":[{"embeddable":true,"href":"https:\/\/migracao.redenoticia.com.br\/noticia\/wp-json\/wp\/v2\/comments?post=40335"}],"version-history":[{"count":0,"href":"https:\/\/migracao.redenoticia.com.br\/noticia\/wp-json\/wp\/v2\/posts\/40335\/revisions"}],"wp:featuredmedia":[{"embeddable":true,"href":"https:\/\/migracao.redenoticia.com.br\/noticia\/wp-json\/wp\/v2\/media\/36938"}],"wp:attachment":[{"href":"https:\/\/migracao.redenoticia.com.br\/noticia\/wp-json\/wp\/v2\/media?parent=40335"}],"wp:term":[{"taxonomy":"category","embeddable":true,"href":"https:\/\/migracao.redenoticia.com.br\/noticia\/wp-json\/wp\/v2\/categories?post=40335"},{"taxonomy":"post_tag","embeddable":true,"href":"https:\/\/migracao.redenoticia.com.br\/noticia\/wp-json\/wp\/v2\/tags?post=40335"}],"curies":[{"name":"wp","href":"https:\/\/api.w.org\/{rel}","templated":true}]}}