{"id":40337,"date":"2012-08-22T11:06:54","date_gmt":"2012-08-22T14:06:54","guid":{"rendered":"http:\/\/www.redenoticia.com.br\/noticia\/?p=40337"},"modified":"2012-08-22T11:06:54","modified_gmt":"2012-08-22T14:06:54","slug":"mtur-apresenta-balanco-do-pronatec-copa","status":"publish","type":"post","link":"https:\/\/migracao.redenoticia.com.br\/noticia\/2012\/mtur-apresenta-balanco-do-pronatec-copa\/40337","title":{"rendered":"MTur apresenta balan\u00e7o do Pronatec Copa"},"content":{"rendered":"<p>O programa de qualifica\u00e7\u00e3o Pronatec <em><strong>Copa<\/strong><\/em>, coordenado pelo Minist\u00e9rio do Turismo, registra at\u00e9 o momento 60 mil pr\u00e9-matr\u00edculas nos 117 munic\u00edpios que participam da a\u00e7\u00e3o. O n\u00famero de inscri\u00e7\u00f5es j\u00e1 superou a marca de 372 mil, segundo dados apresentados pela assessora especial do Minist\u00e9rio do Turismo, Suzana Dieckmann, durante a reuni\u00e3o do Conselho Nacional de Turismo, realizada hoje (21) em Bras\u00edlia.<\/p>\n<p>\u201cVamos pr\u00e9-matricular os inscritos at\u00e9 o final do ano na medida em que as turmas forem sendo formadas\u201d, disse Dieckmann. Em 2012, o programa est\u00e1 ofertando 80 mil vagas, de um total de 240 mil que ser\u00e3o abertas at\u00e9 2014.<\/p>\n<p>A assessora especial do MTur falou tamb\u00e9m sobre o Pronatec In Company, vi\u00e9s do programa voltado para a realiza\u00e7\u00e3o de cursos dentro das empresas. A modalidade j\u00e1 atende profissionais de empreendimentos de estados como o Rio de Janeiro, Cear\u00e1, Distrito Federal e Goi\u00e1s. Em Pernambuco, por exemplo, a demanda para o treinamento de recepcionistas de hotel surgiu da Associa\u00e7\u00e3o de Pousadas de Fernando de Noronha.<\/p>\n","protected":false},"excerpt":{"rendered":"<p>O programa de qualifica\u00e7\u00e3o Pronatec Copa, coordenado pelo Minist\u00e9rio do Turismo, registra at\u00e9 o momento 60 mil pr\u00e9-matr\u00edculas nos 117 munic\u00edpios que participam da a\u00e7\u00e3o. O n\u00famero de inscri\u00e7\u00f5es j\u00e1 superou a marca de 372 mil, segundo dados apresentados pela assessora especial do Minist\u00e9rio do Turismo, Suzana Dieckmann, durante a reuni\u00e3o do Conselho Nacional de [&hellip;]<\/p>\n","protected":false},"author":3,"featured_media":30249,"comment_status":"open","ping_status":"closed","sticky":false,"template":"","format":"standard","meta":{"tdm_status":"","tdm_grid_status":"","footnotes":""},"categories":[22,7],"tags":[],"class_list":{"0":"post-40337","1":"post","2":"type-post","3":"status-publish","4":"format-standard","5":"has-post-thumbnail","7":"category-brasil","8":"category-economia"},"_links":{"self":[{"href":"https:\/\/migracao.redenoticia.com.br\/noticia\/wp-json\/wp\/v2\/posts\/40337","targetHints":{"allow":["GET"]}}],"collection":[{"href":"https:\/\/migracao.redenoticia.com.br\/noticia\/wp-json\/wp\/v2\/posts"}],"about":[{"href":"https:\/\/migracao.redenoticia.com.br\/noticia\/wp-json\/wp\/v2\/types\/post"}],"author":[{"embeddable":true,"href":"https:\/\/migracao.redenoticia.com.br\/noticia\/wp-json\/wp\/v2\/users\/3"}],"replies":[{"embeddable":true,"href":"https:\/\/migracao.redenoticia.com.br\/noticia\/wp-json\/wp\/v2\/comments?post=40337"}],"version-history":[{"count":0,"href":"https:\/\/migracao.redenoticia.com.br\/noticia\/wp-json\/wp\/v2\/posts\/40337\/revisions"}],"wp:featuredmedia":[{"embeddable":true,"href":"https:\/\/migracao.redenoticia.com.br\/noticia\/wp-json\/wp\/v2\/media\/30249"}],"wp:attachment":[{"href":"https:\/\/migracao.redenoticia.com.br\/noticia\/wp-json\/wp\/v2\/media?parent=40337"}],"wp:term":[{"taxonomy":"category","embeddable":true,"href":"https:\/\/migracao.redenoticia.com.br\/noticia\/wp-json\/wp\/v2\/categories?post=40337"},{"taxonomy":"post_tag","embeddable":true,"href":"https:\/\/migracao.redenoticia.com.br\/noticia\/wp-json\/wp\/v2\/tags?post=40337"}],"curies":[{"name":"wp","href":"https:\/\/api.w.org\/{rel}","templated":true}]}}