{"id":40338,"date":"2012-08-22T11:09:14","date_gmt":"2012-08-22T14:09:14","guid":{"rendered":"http:\/\/www.redenoticia.com.br\/noticia\/?p=40338"},"modified":"2012-08-22T11:09:47","modified_gmt":"2012-08-22T14:09:47","slug":"ufscar-realiza-vestibular-para-cursos-de-graduacao-a-distancia","status":"publish","type":"post","link":"https:\/\/migracao.redenoticia.com.br\/noticia\/2012\/ufscar-realiza-vestibular-para-cursos-de-graduacao-a-distancia\/40338","title":{"rendered":"UFSCar realiza vestibular para cursos de gradua\u00e7\u00e3o a dist\u00e2ncia"},"content":{"rendered":"<p>Entre os dias 4 e 24 de setembro estar\u00e3o abertas as inscri\u00e7\u00f5es para o <em><strong>Vestibular UFSCar EaD 2012<\/strong><\/em> com oferta de 770 vagas distribu\u00eddas entre 13 polos de apoio presencial localizados nos seguintes munic\u00edpios do Estado de S\u00e3o Paulo: Araras, B\u00e1lsamo, Barretos, Cubat\u00e3o, Franca, Guarulhos, Itapetininga, Itapevi, Jales, Ja\u00fa, S\u00e3o Carlos, S\u00e3o Jos\u00e9 dos Campos e Tarum\u00e3. Os cursos ofertados pela UFSCar na modalidade a dist\u00e2ncia s\u00e3o Educa\u00e7\u00e3o Musical, Engenharia Ambiental, Pedagogia, Sistemas de Informa\u00e7\u00e3o e Tecnologia em Produ\u00e7\u00e3o Sucroalcooleira.<\/p>\n<p>O regulamento do processo seletivo (www.vunesp.com.br) disp\u00f5e sobre quais cursos est\u00e3o com vagas abertas em cada polo e traz todas as normas para a sele\u00e7\u00e3o, calend\u00e1rio, conte\u00fado das provas e as regras para o ingresso por reserva de vagas, como parte do Programa de A\u00e7\u00f5es Afirmativas da UFSCar. Nesse processo seletivo, 40% das vagas est\u00e3o reservadas aos candidatos que tenham cursado o Ensino M\u00e9dio integralmente em escolas da rede p\u00fablica de ensino e, desse percentual, 35% de vagas reservadas aos candidatos que, al\u00e9m do crit\u00e9rio anterior, se autodeclarem como negros, ou seja, pretos ou pardos, nos termos do regulamento.<\/p>\n<p>As inscri\u00e7\u00f5es dever\u00e3o ser efetuadas exclusivamente pela Internet, em www.vunesp.com.br. As provas ser\u00e3o realizadas no dia 21 de outubro, nos polos das cidades que oferecem vagas. Candidatos que comprovarem insufici\u00eancia de recursos financeiros para o pagamento da taxa de inscri\u00e7\u00e3o de R$ 100 poder\u00e3o consultar o regulamento para solicita\u00e7\u00e3o do benef\u00edcio da isen\u00e7\u00e3o de taxa.<\/p>\n<p>Solicita\u00e7\u00e3o de Isen\u00e7\u00e3o do Pagamento da Taxa de Inscri\u00e7\u00e3o<\/p>\n<p>A UFSCar tamb\u00e9m divulgou a resolu\u00e7\u00e3o que disp\u00f5e sobre crit\u00e9rios e procedimentos para o oferecimento do benef\u00edcio de isen\u00e7\u00e3o de taxa de inscri\u00e7\u00e3o. Ser\u00e3o concedidas at\u00e9 350 isen\u00e7\u00f5es integrais do pagamento da taxa aos candidatos que declararem situa\u00e7\u00e3o de car\u00eancia socioecon\u00f4mica, nos termos do regulamento. O prazo para solicita\u00e7\u00e3o segue at\u00e9 24 de agosto e todos os detalhes devem ser conferidos na Resolu\u00e7\u00e3o CoG n\u00ba 47\/2012, dispon\u00edvel em www.vunesp.com.br.<\/p>\n<p>Outras informa\u00e7\u00f5es podem ser obtidas com a Coordenadoria do Vestibular da UFSCar pelo e-mail covest@ufscar.br; pelo Disque Vunesp, no telefone (11) 3874-6300, com atendimento nos dias \u00fateis, das 8 \u00e0s 20 horas; e no site <a href=\"http:\/\/www.vestibular.ufscar.br\" target=\"_blank\">www.vestibular.ufscar.br<\/a>.<\/p>\n","protected":false},"excerpt":{"rendered":"<p>Entre os dias 4 e 24 de setembro estar\u00e3o abertas as inscri\u00e7\u00f5es para o Vestibular UFSCar EaD 2012 com oferta de 770 vagas distribu\u00eddas entre 13 polos de apoio presencial localizados nos seguintes munic\u00edpios do Estado de S\u00e3o Paulo: Araras, B\u00e1lsamo, Barretos, Cubat\u00e3o, Franca, Guarulhos, Itapetininga, Itapevi, Jales, Ja\u00fa, S\u00e3o Carlos, S\u00e3o Jos\u00e9 dos Campos [&hellip;]<\/p>\n","protected":false},"author":3,"featured_media":34896,"comment_status":"open","ping_status":"closed","sticky":false,"template":"","format":"standard","meta":{"tdm_status":"","tdm_grid_status":"","footnotes":""},"categories":[22,370,295],"tags":[],"class_list":{"0":"post-40338","1":"post","2":"type-post","3":"status-publish","4":"format-standard","5":"has-post-thumbnail","7":"category-brasil","8":"category-inscricao","9":"category-vestibular"},"_links":{"self":[{"href":"https:\/\/migracao.redenoticia.com.br\/noticia\/wp-json\/wp\/v2\/posts\/40338","targetHints":{"allow":["GET"]}}],"collection":[{"href":"https:\/\/migracao.redenoticia.com.br\/noticia\/wp-json\/wp\/v2\/posts"}],"about":[{"href":"https:\/\/migracao.redenoticia.com.br\/noticia\/wp-json\/wp\/v2\/types\/post"}],"author":[{"embeddable":true,"href":"https:\/\/migracao.redenoticia.com.br\/noticia\/wp-json\/wp\/v2\/users\/3"}],"replies":[{"embeddable":true,"href":"https:\/\/migracao.redenoticia.com.br\/noticia\/wp-json\/wp\/v2\/comments?post=40338"}],"version-history":[{"count":0,"href":"https:\/\/migracao.redenoticia.com.br\/noticia\/wp-json\/wp\/v2\/posts\/40338\/revisions"}],"wp:featuredmedia":[{"embeddable":true,"href":"https:\/\/migracao.redenoticia.com.br\/noticia\/wp-json\/wp\/v2\/media\/34896"}],"wp:attachment":[{"href":"https:\/\/migracao.redenoticia.com.br\/noticia\/wp-json\/wp\/v2\/media?parent=40338"}],"wp:term":[{"taxonomy":"category","embeddable":true,"href":"https:\/\/migracao.redenoticia.com.br\/noticia\/wp-json\/wp\/v2\/categories?post=40338"},{"taxonomy":"post_tag","embeddable":true,"href":"https:\/\/migracao.redenoticia.com.br\/noticia\/wp-json\/wp\/v2\/tags?post=40338"}],"curies":[{"name":"wp","href":"https:\/\/api.w.org\/{rel}","templated":true}]}}