{"id":40366,"date":"2012-08-24T15:09:54","date_gmt":"2012-08-24T18:09:54","guid":{"rendered":"http:\/\/www.redenoticia.com.br\/noticia\/?p=40366"},"modified":"2012-08-24T15:09:54","modified_gmt":"2012-08-24T18:09:54","slug":"codigo-renavam-ganhara-mais-dois-digitos","status":"publish","type":"post","link":"https:\/\/migracao.redenoticia.com.br\/noticia\/2012\/codigo-renavam-ganhara-mais-dois-digitos\/40366","title":{"rendered":"C\u00f3digo Renavam ganhar\u00e1 mais dois d\u00edgitos"},"content":{"rendered":"<p>Bras\u00edlia &#8211; A partir de 1\u00ba de abril de 2013, o c\u00f3digo do Registro Nacional de Ve\u00edculos Automotores (<em><strong>Renavam<\/strong><\/em>) receber\u00e1 mais dois n\u00fameros e passar\u00e1 a ter 11 d\u00edgitos. Segundo o Departamento Nacional de Tr\u00e2nsito (Denatran), o Brasil tem 78.183.019 ve\u00edculos emplacados, valor bem pr\u00f3ximo ao limite de numera\u00e7\u00e3o, motivo pelo qual a altera\u00e7\u00e3o ser\u00e1 realizada.<\/p>\n<p>A mudan\u00e7a ocorrer\u00e1 em parceria com os departamentos estaduais de Tr\u00e2nsito (Detran) e a Pol\u00edcia Rodovi\u00e1ria Federal, que est\u00e3o tratando do assunto desde mar\u00e7o deste ano para evitar poss\u00edveis problemas. A altera\u00e7\u00e3o ser\u00e1 autom\u00e1tica.<\/p>\n<p>No momento, o Renavam \u00e9 composto por nove d\u00edgitos e a altera\u00e7\u00e3o n\u00e3o mudar\u00e1 seu m\u00f3dulo de c\u00e1lculo. Os n\u00fameros antigos n\u00e3o sofrer\u00e3o altera\u00e7\u00e3o, pois receber\u00e3o zeros \u00e0 esquerda. No dia 1\u00ba de fevereiro de 2013, os testes ser\u00e3o iniciados em todo o territ\u00f3rio nacional.<\/p>\n<p>O Renavam \u00e9 o n\u00famero identificador \u00fanico atribu\u00eddo a cada ve\u00edculo e que apresenta todas as suas informa\u00e7\u00f5es, como chassi, monobloco, agregados e caracter\u00edsticas originais do autom\u00f3vel.<\/p>\n<p>Da Ag\u00eancia Brasil<br \/>\nEdi\u00e7\u00e3o: F\u00e1bio Massalli<\/p>\n","protected":false},"excerpt":{"rendered":"<p>Bras\u00edlia &#8211; A partir de 1\u00ba de abril de 2013, o c\u00f3digo do Registro Nacional de Ve\u00edculos Automotores (Renavam) receber\u00e1 mais dois n\u00fameros e passar\u00e1 a ter 11 d\u00edgitos. Segundo o Departamento Nacional de Tr\u00e2nsito (Denatran), o Brasil tem 78.183.019 ve\u00edculos emplacados, valor bem pr\u00f3ximo ao limite de numera\u00e7\u00e3o, motivo pelo qual a altera\u00e7\u00e3o ser\u00e1 [&hellip;]<\/p>\n","protected":false},"author":3,"featured_media":35207,"comment_status":"open","ping_status":"closed","sticky":false,"template":"","format":"standard","meta":{"tdm_status":"","tdm_grid_status":"","footnotes":""},"categories":[22],"tags":[],"class_list":{"0":"post-40366","1":"post","2":"type-post","3":"status-publish","4":"format-standard","5":"has-post-thumbnail","7":"category-brasil"},"_links":{"self":[{"href":"https:\/\/migracao.redenoticia.com.br\/noticia\/wp-json\/wp\/v2\/posts\/40366","targetHints":{"allow":["GET"]}}],"collection":[{"href":"https:\/\/migracao.redenoticia.com.br\/noticia\/wp-json\/wp\/v2\/posts"}],"about":[{"href":"https:\/\/migracao.redenoticia.com.br\/noticia\/wp-json\/wp\/v2\/types\/post"}],"author":[{"embeddable":true,"href":"https:\/\/migracao.redenoticia.com.br\/noticia\/wp-json\/wp\/v2\/users\/3"}],"replies":[{"embeddable":true,"href":"https:\/\/migracao.redenoticia.com.br\/noticia\/wp-json\/wp\/v2\/comments?post=40366"}],"version-history":[{"count":0,"href":"https:\/\/migracao.redenoticia.com.br\/noticia\/wp-json\/wp\/v2\/posts\/40366\/revisions"}],"wp:featuredmedia":[{"embeddable":true,"href":"https:\/\/migracao.redenoticia.com.br\/noticia\/wp-json\/wp\/v2\/media\/35207"}],"wp:attachment":[{"href":"https:\/\/migracao.redenoticia.com.br\/noticia\/wp-json\/wp\/v2\/media?parent=40366"}],"wp:term":[{"taxonomy":"category","embeddable":true,"href":"https:\/\/migracao.redenoticia.com.br\/noticia\/wp-json\/wp\/v2\/categories?post=40366"},{"taxonomy":"post_tag","embeddable":true,"href":"https:\/\/migracao.redenoticia.com.br\/noticia\/wp-json\/wp\/v2\/tags?post=40366"}],"curies":[{"name":"wp","href":"https:\/\/api.w.org\/{rel}","templated":true}]}}