{"id":40406,"date":"2012-08-27T16:39:59","date_gmt":"2012-08-27T19:39:59","guid":{"rendered":"http:\/\/www.redenoticia.com.br\/noticia\/?p=40406"},"modified":"2012-08-27T16:39:59","modified_gmt":"2012-08-27T19:39:59","slug":"estimativa-de-inflacao-ipca-sobe-pela-setima-semana-seguida","status":"publish","type":"post","link":"https:\/\/migracao.redenoticia.com.br\/noticia\/2012\/estimativa-de-inflacao-ipca-sobe-pela-setima-semana-seguida\/40406","title":{"rendered":"Estimativa de infla\u00e7\u00e3o IPCA sobe pela s\u00e9tima semana seguida"},"content":{"rendered":"<p>Bras\u00edlia \u2013 A proje\u00e7\u00e3o de analistas do mercado financeiro para a<em><strong> infla\u00e7\u00e3o<\/strong><\/em>, medida pelo \u00cdndice Nacional de Pre\u00e7os ao Consumidor Amplo (IPCA) para este ano, subiu pela s\u00e9tima semana seguida, ao passar de 5,15% para 5,19%. De acordo com o boletim Focus, publica\u00e7\u00e3o semanal do Banco Central (BC), com estimativas para os principais indicadores da economia, a proje\u00e7\u00e3o para 2013, de 5,5%, permanece h\u00e1 nove semanas.<\/p>\n<p>O IPCA \u00e9 o \u00edndice escolhido pelo governo para acompanhar a meta de infla\u00e7\u00e3o. Essa meta tem como centro 4,5% e margem de dois pontos percentuais para mais ou para menos. Ou seja, as estimativas para o IPCA est\u00e3o acima do centro da meta, mas abaixo do limite superior de 6,5%.<\/p>\n<p>A meta de infla\u00e7\u00e3o \u00e9 um alvo do BC, que usa como um dos instrumentos para calibrar os pre\u00e7os e influenciar a atividade econ\u00f4mica as altera\u00e7\u00f5es na taxa b\u00e1sica de juros, a Selic. Atualmente essa taxa est\u00e1 em 8% ao ano, mas como a economia est\u00e1 desaquecida, os analistas esperam que o Comit\u00ea de Pol\u00edtica Monet\u00e1ria (Copom) do BC mantenha o processo de redu\u00e7\u00e3o da Selic, iniciado em agosto do ano passado.<\/p>\n<p>A expectativa \u00e9 a redu\u00e7\u00e3o da taxa para 7,5% ao ano, na reuni\u00e3o marcada para amanh\u00e3 (28) e quarta-feira. Ap\u00f3s a reuni\u00e3o deste m\u00eas, os analistas esperam um corte de 0,25 ponto percentual.<\/p>\n<p>A pesquisa do BC tamb\u00e9m traz estimativa para o \u00cdndice de Pre\u00e7os ao Consumidor da Funda\u00e7\u00e3o Instituto de Pesquisas Econ\u00f4micas (IPC-Fipe), mantida em 4,32% este ano e em 4,71% em 2013.<\/p>\n<p>A expectativa para o \u00cdndice Geral de Pre\u00e7os \u2013 Disponibilidade Interna (IGP-DI) subiu de 8,03% para 8,16% este ano, e passou de 5,01% para 5%, em 2013. Para o \u00cdndice Geral de Pre\u00e7os de Mercado (IGP-M), a proje\u00e7\u00e3o passou de 7,79% para 7,85%, em 2012. Para 2013, a proje\u00e7\u00e3o para o \u00edndice segue em 5%.<\/p>\n<p>A estimativa dos analistas para os pre\u00e7os administrados foi mantida em 3,5%, neste ano, e alterada de 4,38% para 4,30%, em 2013.<\/p>\n<p>Kelly Oliveira<br \/>\nRep\u00f3rter da Ag\u00eancia Brasil<br \/>\nEdi\u00e7\u00e3o: Gra\u00e7a Adjuto<\/p>\n","protected":false},"excerpt":{"rendered":"<p>Bras\u00edlia \u2013 A proje\u00e7\u00e3o de analistas do mercado financeiro para a infla\u00e7\u00e3o, medida pelo \u00cdndice Nacional de Pre\u00e7os ao Consumidor Amplo (IPCA) para este ano, subiu pela s\u00e9tima semana seguida, ao passar de 5,15% para 5,19%. De acordo com o boletim Focus, publica\u00e7\u00e3o semanal do Banco Central (BC), com estimativas para os principais indicadores da [&hellip;]<\/p>\n","protected":false},"author":3,"featured_media":34916,"comment_status":"open","ping_status":"closed","sticky":false,"template":"","format":"standard","meta":{"tdm_status":"","tdm_grid_status":"","footnotes":""},"categories":[22,7],"tags":[],"class_list":{"0":"post-40406","1":"post","2":"type-post","3":"status-publish","4":"format-standard","5":"has-post-thumbnail","7":"category-brasil","8":"category-economia"},"_links":{"self":[{"href":"https:\/\/migracao.redenoticia.com.br\/noticia\/wp-json\/wp\/v2\/posts\/40406","targetHints":{"allow":["GET"]}}],"collection":[{"href":"https:\/\/migracao.redenoticia.com.br\/noticia\/wp-json\/wp\/v2\/posts"}],"about":[{"href":"https:\/\/migracao.redenoticia.com.br\/noticia\/wp-json\/wp\/v2\/types\/post"}],"author":[{"embeddable":true,"href":"https:\/\/migracao.redenoticia.com.br\/noticia\/wp-json\/wp\/v2\/users\/3"}],"replies":[{"embeddable":true,"href":"https:\/\/migracao.redenoticia.com.br\/noticia\/wp-json\/wp\/v2\/comments?post=40406"}],"version-history":[{"count":0,"href":"https:\/\/migracao.redenoticia.com.br\/noticia\/wp-json\/wp\/v2\/posts\/40406\/revisions"}],"wp:featuredmedia":[{"embeddable":true,"href":"https:\/\/migracao.redenoticia.com.br\/noticia\/wp-json\/wp\/v2\/media\/34916"}],"wp:attachment":[{"href":"https:\/\/migracao.redenoticia.com.br\/noticia\/wp-json\/wp\/v2\/media?parent=40406"}],"wp:term":[{"taxonomy":"category","embeddable":true,"href":"https:\/\/migracao.redenoticia.com.br\/noticia\/wp-json\/wp\/v2\/categories?post=40406"},{"taxonomy":"post_tag","embeddable":true,"href":"https:\/\/migracao.redenoticia.com.br\/noticia\/wp-json\/wp\/v2\/tags?post=40406"}],"curies":[{"name":"wp","href":"https:\/\/api.w.org\/{rel}","templated":true}]}}