{"id":40411,"date":"2012-08-27T17:00:42","date_gmt":"2012-08-27T20:00:42","guid":{"rendered":"http:\/\/www.redenoticia.com.br\/noticia\/?p=40411"},"modified":"2012-08-28T14:58:22","modified_gmt":"2012-08-28T17:58:22","slug":"unb-abre-1-091-vagas-remanescentes-enem-2011","status":"publish","type":"post","link":"https:\/\/migracao.redenoticia.com.br\/noticia\/2012\/unb-abre-1-091-vagas-remanescentes-enem-2011\/40411","title":{"rendered":"UnB abre 1.091 vagas remanescentes Enem 2011"},"content":{"rendered":"<p>Participantes do Exame Nacional do Ensino M\u00e9dio (<em><strong>Enem<\/strong><\/em>) de 2011, cujas provas foram realizadas nos dias 22 e 23 de outubro passado, poder\u00e3o utilizar as notas obtidas no exame para ingresso em cursos da Universidade de Bras\u00edlia (<em><strong>UnB<\/strong><\/em>). A sele\u00e7\u00e3o para vagas remanescentes do 2\u00b0 Vestibular de 2012 foi aberta com um total de 1.091 oportunidades em 52 cursos dos campi Darcy Ribeiro (757 vagas), Ceil\u00e2ndia (163), Planaltina (153) e Gama (18).<\/p>\n<p>INSCRI\u00c7\u00d5ES\u00a0\u2013 As inscri\u00e7\u00f5es s\u00e3o gratuitas e ocorrem entre 27 de agosto e 6 de setembro, pelo endere\u00e7o eletr\u00f4nico\u00a0<a href=\"http:\/\/www.cespe.unb.br\/vestibular\/remanescentes2_2012\" target=\"_blank\">www.cespe.unb.br\/vestibular\/remanescentes2_2012<\/a>. Ser\u00e3o disponibilizados computadores nos quatro campi para a realiza\u00e7\u00e3o de inscri\u00e7\u00f5es para quem n\u00e3o tiver acesso \u00e0 Internet, exceto aos s\u00e1bados, domingos e feriados. No momento da inscri\u00e7\u00e3o, o candidato dever\u00e1 fazer a op\u00e7\u00e3o de campus, curso e turno escolhidos.<\/p>\n<p>AVALIA\u00c7\u00c3O\u00a0\u2013 Para admiss\u00e3o do participante do Enem 2011, a sele\u00e7\u00e3o da UnB vai considerar as notas da prova de reda\u00e7\u00e3o, prova objetiva de Matem\u00e1tica e suas tecnologias, prova objetiva de Ci\u00eancias da Natureza e suas tecnologias, prova objetiva de Ci\u00eancias Humanas e suas tecnologias e prova objetiva de Linguagens, C\u00f3digos e suas tecnologias. A nota final ser\u00e1 obtida pela m\u00e9dia aritm\u00e9tica dessas notas, obedecendo \u00e0 nota padronizada pelo Enem, na escala de 0 a 1.000 pontos.<\/p>\n<p>A rela\u00e7\u00e3o dos candidatos selecionados em primeira chamada ser\u00e1 divulgada na data prov\u00e1vel de 17 de setembro e o registro e matr\u00edcula nos cursos da UnB ser\u00e3o realizados nos dias 25 e 26 de setembro nos endere\u00e7os a serem divulgados na p\u00e1gina eletr\u00f4nica da sele\u00e7\u00e3o.<\/p>\n<p>CONTATO<br \/>\nOutras informa\u00e7\u00f5es no site\u00a0<a href=\"http:\/\/www.cespe.unb.br\/vestibular\/remanescentes2_2012\" target=\"_blank\">www.cespe.unb.br\/vestibular\/remanescentes2_2012\u00a0<\/a>ou na Central de Atendimento do Cespe\/UnB, de segunda a sexta, das 8h30 \u00e0s 19h \u2013 Campus Darcy Ribeiro, Sede do Cespe\/UnB \u2013 pelo telefone (61) 3448-0100.<\/p>\n","protected":false},"excerpt":{"rendered":"<p>Participantes do Exame Nacional do Ensino M\u00e9dio (Enem) de 2011, cujas provas foram realizadas nos dias 22 e 23 de outubro passado, poder\u00e3o utilizar as notas obtidas no exame para ingresso em cursos da Universidade de Bras\u00edlia (UnB). A sele\u00e7\u00e3o para vagas remanescentes do 2\u00b0 Vestibular de 2012 foi aberta com um total de 1.091 [&hellip;]<\/p>\n","protected":false},"author":3,"featured_media":36244,"comment_status":"open","ping_status":"closed","sticky":false,"template":"","format":"standard","meta":{"tdm_status":"","tdm_grid_status":"","footnotes":""},"categories":[22,370,295],"tags":[],"class_list":{"0":"post-40411","1":"post","2":"type-post","3":"status-publish","4":"format-standard","5":"has-post-thumbnail","7":"category-brasil","8":"category-inscricao","9":"category-vestibular"},"_links":{"self":[{"href":"https:\/\/migracao.redenoticia.com.br\/noticia\/wp-json\/wp\/v2\/posts\/40411","targetHints":{"allow":["GET"]}}],"collection":[{"href":"https:\/\/migracao.redenoticia.com.br\/noticia\/wp-json\/wp\/v2\/posts"}],"about":[{"href":"https:\/\/migracao.redenoticia.com.br\/noticia\/wp-json\/wp\/v2\/types\/post"}],"author":[{"embeddable":true,"href":"https:\/\/migracao.redenoticia.com.br\/noticia\/wp-json\/wp\/v2\/users\/3"}],"replies":[{"embeddable":true,"href":"https:\/\/migracao.redenoticia.com.br\/noticia\/wp-json\/wp\/v2\/comments?post=40411"}],"version-history":[{"count":0,"href":"https:\/\/migracao.redenoticia.com.br\/noticia\/wp-json\/wp\/v2\/posts\/40411\/revisions"}],"wp:featuredmedia":[{"embeddable":true,"href":"https:\/\/migracao.redenoticia.com.br\/noticia\/wp-json\/wp\/v2\/media\/36244"}],"wp:attachment":[{"href":"https:\/\/migracao.redenoticia.com.br\/noticia\/wp-json\/wp\/v2\/media?parent=40411"}],"wp:term":[{"taxonomy":"category","embeddable":true,"href":"https:\/\/migracao.redenoticia.com.br\/noticia\/wp-json\/wp\/v2\/categories?post=40411"},{"taxonomy":"post_tag","embeddable":true,"href":"https:\/\/migracao.redenoticia.com.br\/noticia\/wp-json\/wp\/v2\/tags?post=40411"}],"curies":[{"name":"wp","href":"https:\/\/api.w.org\/{rel}","templated":true}]}}