{"id":4044,"date":"2009-06-28T16:59:15","date_gmt":"2009-06-28T20:59:15","guid":{"rendered":"http:\/\/www.redenoticia.com.br\/noticia\/?p=4044"},"modified":"2009-06-28T16:59:15","modified_gmt":"2009-06-28T20:59:15","slug":"arco-verde-terra-legal-lancado-em-nova-mamore-rondonia","status":"publish","type":"post","link":"https:\/\/migracao.redenoticia.com.br\/noticia\/2009\/arco-verde-terra-legal-lancado-em-nova-mamore-rondonia\/4044","title":{"rendered":"Arco Verde Terra Legal lan\u00e7ado em Nova Mamor\u00e9 &#8211; Rond\u00f4nia"},"content":{"rendered":"<p><a href=\"https:\/\/migracao.redenoticia.com.br\/noticia\/imagens\/\/arcoverde.jpg\"><img loading=\"lazy\" decoding=\"async\" class=\"alignleft size-full wp-image-4045\" title=\"arcoverde\" src=\"https:\/\/migracao.redenoticia.com.br\/noticia\/imagens\/\/arcoverde.jpg\" alt=\"arcoverde\" width=\"150\" height=\"113\" \/><\/a>O Governo de Rond\u00f4nia, por interm\u00e9dio da Secretaria de Estado do Desenvolvimento Ambiental (Sedam) e o Governo Federal, realizaram na tarde de sexta-feira (26) a reuni\u00e3o Institucional do Programa Arco Verde Terra Legal em Nova Mamor\u00e9. A reuni\u00e3o de trabalho aconteceu no Centro Paroquial do munic\u00edpio, com a presen\u00e7a de mais de 500 pessoas. O encontro teve como objetivo reunir as esferas federal, estadual e municipal para juntas apresentarem pol\u00edticas p\u00fablicas que v\u00e3o ser desenvolvidas para conter o desmatamento no munic\u00edpio.<\/p>\n<p>Durante a reuni\u00e3o, o secret\u00e1rio da Sedam, Cletho Muniz de Brito, disse que a regi\u00e3o de Nova Mamor\u00e9 \u00e9 diferenciada das demais do Estado de Rond\u00f4nia, pois a grande parte de sua \u00e1rea territorial encontra-se afetada pela liminar proferida pela justi\u00e7a federal em 2004, a qual impede que os governos em todas as esferas possam implantar qualquer benef\u00edcio p\u00fablico em prol da comunidade.<\/p>\n<p>O secret\u00e1rio da Sedam destacou ainda que a determina\u00e7\u00e3o do governo de Rond\u00f4nia \u00e9 de que haja uma a\u00e7\u00e3o conjunta entre o Estado e o Governo Federal para dirimir esta lide em ju\u00edzo, pois a popula\u00e7\u00e3o de Nova Mamor\u00e9 n\u00e3o pode esperar por muito tempo decis\u00f5es que dependem da esfera judicial, para que eles possam continuar trabalhando e produzindo para o sustento das fam\u00edlias que l\u00e1 residem e foram assentadas pelo pr\u00f3prio Governo Federal.<\/p>\n<p>Para combater o desmatamento \u00e9 imprescind\u00edvel a regulariza\u00e7\u00e3o fundi\u00e1ria concomitantemente com a regulariza\u00e7\u00e3o ambiental, afirmou Cletho Muniz de Brito, ressaltando a import\u00e2ncia da a\u00e7\u00e3o em conjunto com os governos estadual, municipal e federal. \u201cA equipe de trabalho da Sedam n\u00e3o est\u00e1 medindo esfor\u00e7os para que o programa Arco Verde Terra Legal aconte\u00e7a com o maior \u00eaxito poss\u00edvel, pois sabemos que os resultados v\u00e3o ser altamente positivos para todos\u201d,\u00a0 destacou o secret\u00e1rio do \u00f3rg\u00e3o ambiental.<\/p>\n<p>A reuni\u00e3o institucional do Arco Verde Terra Legal, contou com a presen\u00e7a do prefeito Jos\u00e9 Brasileiro Uchoa, do representante do governo federal Olavo Nienow e do coordenador do Terra Legal, Ant\u00f4nio Roberto, al\u00e9m de representantes de sindicatos rurais, associa\u00e7\u00f5es, \u00f3rg\u00e3os p\u00fablicos, agricultores e a sociedade em geral.<\/p>\n<p>Fonte: A\/I SEDAM &#8211; Secretaria de Desenvolvimento Ambiental<\/p>\n","protected":false},"excerpt":{"rendered":"<p>O Governo de Rond\u00f4nia, por interm\u00e9dio da Secretaria de Estado do Desenvolvimento Ambiental (Sedam) e o Governo Federal, realizaram na tarde de sexta-feira (26) a reuni\u00e3o Institucional do Programa Arco Verde Terra Legal em Nova Mamor\u00e9. A reuni\u00e3o de trabalho aconteceu no Centro Paroquial do munic\u00edpio, com a presen\u00e7a de mais de 500 pessoas. O [&hellip;]<\/p>\n","protected":false},"author":3,"featured_media":0,"comment_status":"open","ping_status":"open","sticky":false,"template":"","format":"standard","meta":{"tdm_status":"","tdm_grid_status":"","footnotes":""},"categories":[22],"tags":[],"class_list":{"0":"post-4044","1":"post","2":"type-post","3":"status-publish","4":"format-standard","6":"category-brasil"},"_links":{"self":[{"href":"https:\/\/migracao.redenoticia.com.br\/noticia\/wp-json\/wp\/v2\/posts\/4044","targetHints":{"allow":["GET"]}}],"collection":[{"href":"https:\/\/migracao.redenoticia.com.br\/noticia\/wp-json\/wp\/v2\/posts"}],"about":[{"href":"https:\/\/migracao.redenoticia.com.br\/noticia\/wp-json\/wp\/v2\/types\/post"}],"author":[{"embeddable":true,"href":"https:\/\/migracao.redenoticia.com.br\/noticia\/wp-json\/wp\/v2\/users\/3"}],"replies":[{"embeddable":true,"href":"https:\/\/migracao.redenoticia.com.br\/noticia\/wp-json\/wp\/v2\/comments?post=4044"}],"version-history":[{"count":0,"href":"https:\/\/migracao.redenoticia.com.br\/noticia\/wp-json\/wp\/v2\/posts\/4044\/revisions"}],"wp:attachment":[{"href":"https:\/\/migracao.redenoticia.com.br\/noticia\/wp-json\/wp\/v2\/media?parent=4044"}],"wp:term":[{"taxonomy":"category","embeddable":true,"href":"https:\/\/migracao.redenoticia.com.br\/noticia\/wp-json\/wp\/v2\/categories?post=4044"},{"taxonomy":"post_tag","embeddable":true,"href":"https:\/\/migracao.redenoticia.com.br\/noticia\/wp-json\/wp\/v2\/tags?post=4044"}],"curies":[{"name":"wp","href":"https:\/\/api.w.org\/{rel}","templated":true}]}}