{"id":40444,"date":"2012-08-29T12:06:18","date_gmt":"2012-08-29T15:06:18","guid":{"rendered":"http:\/\/www.redenoticia.com.br\/noticia\/?p=40444"},"modified":"2012-08-29T17:14:14","modified_gmt":"2012-08-29T20:14:14","slug":"frio-na-serra-da-mantiqueira-este-fim-de-semana","status":"publish","type":"post","link":"https:\/\/migracao.redenoticia.com.br\/noticia\/2012\/frio-na-serra-da-mantiqueira-este-fim-de-semana\/40444","title":{"rendered":"Frio na Serra da Mantiqueira este fim de semana"},"content":{"rendered":"<p>Quem gosta de <em><strong>frio<\/strong><\/em> poder\u00e1 aproveitar as cidades tur\u00edsticas da Serra da Mantiqueira neste fim de semana. Segundo previs\u00e3o da Somar Meteorologia, as temperaturas v\u00e3o cair nos pr\u00f3ximos dias e os term\u00f4metros devem chegar aos 3\u00b0C em Campos do Jord\u00e3o, do lado paulista, e aos 4\u00b0C em Monte Verde, do lado mineiro da serra.<\/p>\n<p>O m\u00eas de agosto, por ser mais quente, n\u00e3o era considerado como alta temporada, mas nos \u00faltimos anos isso tem mudado. De acordo com Luiz Pedro Nathan, presidente da Associa\u00e7\u00e3o de Hotelaria e Gastronomia de Campos do Jord\u00e3o, por ser um per\u00edodo mais tranquilo nos restaurantes e atra\u00e7\u00f5es tur\u00edsticas, mais pessoas sobem a serra nesse m\u00eas.<\/p>\n<p>Por isso, a Asstur considera que o m\u00eas de agosto esse ano foi melhor economicamente para a cidade, do que o julho. &#8220;A diferen\u00e7a \u00e9 que as pessoas com maior poder aquisitivo preferem aproveitar o frio de agosto nas cidades serranas e acabam gastando mais do que os turistas que visitam o local em julho&#8221;, afirma Luiz Pedro.<\/p>\n<p>A ocupa\u00e7\u00e3o dos hot\u00e9is em Campos do Jord\u00e3o-SP em julho foi de 84%, pouca coisa acima dos quase 80% j\u00e1 registrados nesse m\u00eas. A lota\u00e7\u00e3o n\u00e3o chega a 100%, pois durante a semana a visita\u00e7\u00e3o \u00e9 pequena, em rela\u00e7\u00e3o aos finais de semana. Mesmo com os bons n\u00fameros, os comerciantes da regi\u00e3o afirmam que este ano foi fraco em rela\u00e7\u00e3o a 2011.<\/p>\n<p>Segundo os meteorologistas da Somar, nos dois \u00faltimos anos as temperaturas tem ficado acima da m\u00e9dia na Su\u00ed\u00e7a brasileira. Mas em 2011 as ondas de frio foram mais fortes. A menor temperatura registrada esse ano foi no dia 14 de julho, quando fez 1,2\u00b0C. No ano passado, a menor m\u00ednima foi de -2,4\u00b0C no fim de junho e em agosto os term\u00f4metros ainda marcaram temperaturas negativas na cidade.<\/p>\n<p>Depois da passagem de uma frente fria pelo Estado de S\u00e3o Paulo, que provocou chuvas em algumas regi\u00f5es, o vento mudou de dire\u00e7\u00e3o e sopra agora do quadrante sul. Os pr\u00f3ximos dias ser\u00e3o de tempo aberto, o que favorece a amplitude t\u00e9rmica, que s\u00e3o manh\u00e3s geladas e tardes quentes. Por isso, em Campos do Jord\u00e3o-SP as m\u00ednimas ser\u00e3o em torno de 4\u00b0C no fim de semana, mas as m\u00e1ximas atingem at\u00e9 os 25\u00b0C pela tarde.<\/p>\n","protected":false},"excerpt":{"rendered":"<p>Quem gosta de frio poder\u00e1 aproveitar as cidades tur\u00edsticas da Serra da Mantiqueira neste fim de semana. Segundo previs\u00e3o da Somar Meteorologia, as temperaturas v\u00e3o cair nos pr\u00f3ximos dias e os term\u00f4metros devem chegar aos 3\u00b0C em Campos do Jord\u00e3o, do lado paulista, e aos 4\u00b0C em Monte Verde, do lado mineiro da serra. O [&hellip;]<\/p>\n","protected":false},"author":3,"featured_media":26389,"comment_status":"open","ping_status":"closed","sticky":false,"template":"","format":"standard","meta":{"tdm_status":"","tdm_grid_status":"","footnotes":""},"categories":[22,327],"tags":[],"class_list":{"0":"post-40444","1":"post","2":"type-post","3":"status-publish","4":"format-standard","5":"has-post-thumbnail","7":"category-brasil","8":"category-clima"},"_links":{"self":[{"href":"https:\/\/migracao.redenoticia.com.br\/noticia\/wp-json\/wp\/v2\/posts\/40444","targetHints":{"allow":["GET"]}}],"collection":[{"href":"https:\/\/migracao.redenoticia.com.br\/noticia\/wp-json\/wp\/v2\/posts"}],"about":[{"href":"https:\/\/migracao.redenoticia.com.br\/noticia\/wp-json\/wp\/v2\/types\/post"}],"author":[{"embeddable":true,"href":"https:\/\/migracao.redenoticia.com.br\/noticia\/wp-json\/wp\/v2\/users\/3"}],"replies":[{"embeddable":true,"href":"https:\/\/migracao.redenoticia.com.br\/noticia\/wp-json\/wp\/v2\/comments?post=40444"}],"version-history":[{"count":0,"href":"https:\/\/migracao.redenoticia.com.br\/noticia\/wp-json\/wp\/v2\/posts\/40444\/revisions"}],"wp:featuredmedia":[{"embeddable":true,"href":"https:\/\/migracao.redenoticia.com.br\/noticia\/wp-json\/wp\/v2\/media\/26389"}],"wp:attachment":[{"href":"https:\/\/migracao.redenoticia.com.br\/noticia\/wp-json\/wp\/v2\/media?parent=40444"}],"wp:term":[{"taxonomy":"category","embeddable":true,"href":"https:\/\/migracao.redenoticia.com.br\/noticia\/wp-json\/wp\/v2\/categories?post=40444"},{"taxonomy":"post_tag","embeddable":true,"href":"https:\/\/migracao.redenoticia.com.br\/noticia\/wp-json\/wp\/v2\/tags?post=40444"}],"curies":[{"name":"wp","href":"https:\/\/api.w.org\/{rel}","templated":true}]}}