{"id":40466,"date":"2012-08-30T14:41:33","date_gmt":"2012-08-30T17:41:33","guid":{"rendered":"http:\/\/www.redenoticia.com.br\/noticia\/?p=40466"},"modified":"2012-08-30T14:41:33","modified_gmt":"2012-08-30T17:41:33","slug":"professores-universitarios-discutem-decisao-sobre-greve","status":"publish","type":"post","link":"https:\/\/migracao.redenoticia.com.br\/noticia\/2012\/professores-universitarios-discutem-decisao-sobre-greve\/40466","title":{"rendered":"Professores universit\u00e1rios discutem decis\u00e3o sobre greve"},"content":{"rendered":"<p>Bras\u00edlia \u2013 <em><strong>Professores<\/strong><\/em> universit\u00e1rios em <em><strong>greve<\/strong><\/em> anunciam amanh\u00e3 \u00e0 noite (31) se voltam ou n\u00e3o ao trabalho. Eles realizam nas pr\u00f3ximas horas 40 assembleias regionais para discutir a \u00faltima proposta do governo.<\/p>\n<p>Representante da maior parte dos professores, a presidenta do Sindicato Nacional dos Docentes das Institui\u00e7\u00f5es de Ensino Superior, Marinalva Oliveira, informou que a decis\u00e3o s\u00f3 deve ser divulgada ap\u00f3s a consolida\u00e7\u00e3o dos resultados das assembleias.<\/p>\n<p>Parte dos docentes, reunidos no Sindicato de Professores de Institui\u00e7\u00f5es Federais de Ensino Superior, aceitou o reajuste com percentuais que variam de 25% a 40%.<\/p>\n<p>Para o Minist\u00e9rio da Educa\u00e7\u00e3o, esse acordo atende a todos os professores, independente do sindicato, e ser\u00e1 inclu\u00eddo no projeto do or\u00e7amento do governo para 2013.<\/p>\n<p>Os agentes da Pol\u00edcia Federal, que tamb\u00e9m rejeitaram a proposta do governo, est\u00e3o reunidos em assembleia, hoje, em Bras\u00edlia, para decidir se mant\u00eam a greve. Os servidores das ag\u00eancias reguladoras decidem \u00e0 noite se suspendem a paralisa\u00e7\u00e3o.<\/p>\n<p>O Minist\u00e9rio do Planejamento informou, por meio de sua assessoria de imprensa, que neste momento trabalha para concluir o Projeto de Lei de Or\u00e7amento Anual. O projeto prev\u00ea gastos com a folha de pagamento e precisa ser encaminhado ao Congresso Nacional at\u00e9 amanh\u00e3 (31).<\/p>\n<p>Thais Leit\u00e3o<br \/>\nRep\u00f3rter da Ag\u00eancia Brasil<\/p>\n<p>Edi\u00e7\u00e3o: Beto Coura<\/p>\n","protected":false},"excerpt":{"rendered":"<p>Bras\u00edlia \u2013 Professores universit\u00e1rios em greve anunciam amanh\u00e3 \u00e0 noite (31) se voltam ou n\u00e3o ao trabalho. Eles realizam nas pr\u00f3ximas horas 40 assembleias regionais para discutir a \u00faltima proposta do governo. Representante da maior parte dos professores, a presidenta do Sindicato Nacional dos Docentes das Institui\u00e7\u00f5es de Ensino Superior, Marinalva Oliveira, informou que a [&hellip;]<\/p>\n","protected":false},"author":3,"featured_media":34749,"comment_status":"open","ping_status":"closed","sticky":false,"template":"","format":"standard","meta":{"tdm_status":"","tdm_grid_status":"","footnotes":""},"categories":[22],"tags":[],"class_list":{"0":"post-40466","1":"post","2":"type-post","3":"status-publish","4":"format-standard","5":"has-post-thumbnail","7":"category-brasil"},"_links":{"self":[{"href":"https:\/\/migracao.redenoticia.com.br\/noticia\/wp-json\/wp\/v2\/posts\/40466","targetHints":{"allow":["GET"]}}],"collection":[{"href":"https:\/\/migracao.redenoticia.com.br\/noticia\/wp-json\/wp\/v2\/posts"}],"about":[{"href":"https:\/\/migracao.redenoticia.com.br\/noticia\/wp-json\/wp\/v2\/types\/post"}],"author":[{"embeddable":true,"href":"https:\/\/migracao.redenoticia.com.br\/noticia\/wp-json\/wp\/v2\/users\/3"}],"replies":[{"embeddable":true,"href":"https:\/\/migracao.redenoticia.com.br\/noticia\/wp-json\/wp\/v2\/comments?post=40466"}],"version-history":[{"count":0,"href":"https:\/\/migracao.redenoticia.com.br\/noticia\/wp-json\/wp\/v2\/posts\/40466\/revisions"}],"wp:featuredmedia":[{"embeddable":true,"href":"https:\/\/migracao.redenoticia.com.br\/noticia\/wp-json\/wp\/v2\/media\/34749"}],"wp:attachment":[{"href":"https:\/\/migracao.redenoticia.com.br\/noticia\/wp-json\/wp\/v2\/media?parent=40466"}],"wp:term":[{"taxonomy":"category","embeddable":true,"href":"https:\/\/migracao.redenoticia.com.br\/noticia\/wp-json\/wp\/v2\/categories?post=40466"},{"taxonomy":"post_tag","embeddable":true,"href":"https:\/\/migracao.redenoticia.com.br\/noticia\/wp-json\/wp\/v2\/tags?post=40466"}],"curies":[{"name":"wp","href":"https:\/\/api.w.org\/{rel}","templated":true}]}}