{"id":40468,"date":"2012-08-30T14:45:15","date_gmt":"2012-08-30T17:45:15","guid":{"rendered":"http:\/\/www.redenoticia.com.br\/noticia\/?p=40468"},"modified":"2012-08-30T14:45:15","modified_gmt":"2012-08-30T17:45:15","slug":"cem-disponibiliza-mapas-eleitorais","status":"publish","type":"post","link":"https:\/\/migracao.redenoticia.com.br\/noticia\/2012\/cem-disponibiliza-mapas-eleitorais\/40468","title":{"rendered":"CEM disponibiliza mapas eleitorais"},"content":{"rendered":"<p>Ag\u00eancia FAPESP \u2013 O Centro de Estudos da Metr\u00f3pole (CEM) disponibilizou na internet novos mapas do munic\u00edpio de S\u00e3o Paulo para a\u00a0<em><strong>elei\u00e7\u00e3o<\/strong><\/em>\u00a0de 2008, ilustrando os votos para prefeito e vereador. Os pesquisadores do CEM \u2013 um Centro de Pesquisa, Inova\u00e7\u00e3o e Difus\u00e3o (CEPID) da FAPESP \u2013 realizaram uma atualiza\u00e7\u00e3o de seus Mapas Eleitorais, produzindo mapas que ilustram a distribui\u00e7\u00e3o dos votos do eleitorado paulistano em 2008. J\u00e1 estavam dispon\u00edveis mapas referentes \u00e0s elei\u00e7\u00f5es municipais paulistanas de 2000 e 2004.<\/p>\n<p>Segundo o CEM, foi elaborado um retrato dessas elei\u00e7\u00f5es, possibilitando verificar em quais regi\u00f5es estava localizado o eleitorado dos principais candidatos.<\/p>\n<p>Nas elei\u00e7\u00f5es municipais de 2008, quase 7 milh\u00f5es de eleitores compareceram no primeiro turno aos 1,7 mil locais de vota\u00e7\u00e3o da cidade de S\u00e3o Paulo para manifestar suas prefer\u00eancias sobre quem seria o novo prefeito da capital, assim como eleger os ocupantes das 55 cadeiras da C\u00e2mara dos Vereadores.<\/p>\n<p>Foram 11 candidatos a disputar o primeiro turno para prefeito nesta elei\u00e7\u00e3o, e para cada um est\u00e1 dispon\u00edvel o mapa de vota\u00e7\u00e3o, al\u00e9m dos mapas do segundo turno.<\/p>\n<p>Quanto ao pleito legislativo, est\u00e3o dispon\u00edveis os mapas de todos os vereadores eleitos, assim como os mapas dos votos de legenda e do desempenho total (votos de legenda + votos nominais) para os partidos que chegaram a eleger algum vereador na referida elei\u00e7\u00e3o. Tamb\u00e9m se encontram os mapas dos votos brancos e nulos para todos os pleitos. No total s\u00e3o 102 mapas eleitorais.<\/p>\n<p>Os dados utilizados referentes aos resultados eleitorais s\u00e3o oriundos da base disponibilizada pelo Tribunal Superior Eleitoral. As bases cartogr\u00e1ficas s\u00e3o do acervo do CEM. Acompanham o levantamento as correspondentes notas metodol\u00f3gicas.<\/p>\n<p>Base de dados eleitorais<\/p>\n<p>Dispon\u00edveis na \u00e1rea de Base de Dados (\u00e1rea \u201cTransfer\u00eancia\u201d do site do CEM), os dados eleitorais foram ampliados recentemente pela incorpora\u00e7\u00e3o de novas informa\u00e7\u00f5es: dados referentes \u00e0s elei\u00e7\u00f5es no Brasil entre 1994 e 2010.<\/p>\n<p>Feito por pesquisadores do Grupo de Estudos Eleitorais do CEM, o levantamento oferece os resultados das elei\u00e7\u00f5es para presidente, governadores, senadores, deputados federais e estaduais agregados por munic\u00edpio, para todo o Brasil.<\/p>\n<p>Encontram-se dispon\u00edveis os resultados tanto em n\u00famero absoluto de votos como em propor\u00e7\u00e3o calculada com base na totaliza\u00e7\u00e3o do comparecimento de cada elei\u00e7\u00e3o.<\/p>\n<p>Acompanham esses dados os dicion\u00e1rios correspondentes com as informa\u00e7\u00f5es sobre as vari\u00e1veis e um arquivo com a base cartogr\u00e1fica dos munic\u00edpios do pa\u00eds, al\u00e9m de uma tabela com os partidos pol\u00edticos brasileiros no per\u00edodo de 1994 a 2010.<\/p>\n<p>As informa\u00e7\u00f5es s\u00e3o disponibilizadas no site do CEM e podem ser acessadas livremente, bastando se cadastrar.<\/p>\n<p>O CEM mant\u00e9m ainda em sua Base de Dados informa\u00e7\u00f5es sobre: Demografia, Desigualdade Social, Divis\u00e3o Territorial, Educa\u00e7\u00e3o, Elei\u00e7\u00f5es, Empresas, Logradouros, Sa\u00fade, al\u00e9m de Elei\u00e7\u00f5es.<\/p>\n<p>Mais informa\u00e7\u00f5es:\u00a0<a href=\"http:\/\/www.centrodametropole.org.br\/\" target=\"_blank\">www.centrodametropole.org.br<\/a>.<\/p>\n","protected":false},"excerpt":{"rendered":"<p>Ag\u00eancia FAPESP \u2013 O Centro de Estudos da Metr\u00f3pole (CEM) disponibilizou na internet novos mapas do munic\u00edpio de S\u00e3o Paulo para a\u00a0elei\u00e7\u00e3o\u00a0de 2008, ilustrando os votos para prefeito e vereador. Os pesquisadores do CEM \u2013 um Centro de Pesquisa, Inova\u00e7\u00e3o e Difus\u00e3o (CEPID) da FAPESP \u2013 realizaram uma atualiza\u00e7\u00e3o de seus Mapas Eleitorais, produzindo mapas [&hellip;]<\/p>\n","protected":false},"author":3,"featured_media":39956,"comment_status":"open","ping_status":"closed","sticky":false,"template":"","format":"standard","meta":{"tdm_status":"","tdm_grid_status":"","footnotes":""},"categories":[22],"tags":[],"class_list":{"0":"post-40468","1":"post","2":"type-post","3":"status-publish","4":"format-standard","5":"has-post-thumbnail","7":"category-brasil"},"_links":{"self":[{"href":"https:\/\/migracao.redenoticia.com.br\/noticia\/wp-json\/wp\/v2\/posts\/40468","targetHints":{"allow":["GET"]}}],"collection":[{"href":"https:\/\/migracao.redenoticia.com.br\/noticia\/wp-json\/wp\/v2\/posts"}],"about":[{"href":"https:\/\/migracao.redenoticia.com.br\/noticia\/wp-json\/wp\/v2\/types\/post"}],"author":[{"embeddable":true,"href":"https:\/\/migracao.redenoticia.com.br\/noticia\/wp-json\/wp\/v2\/users\/3"}],"replies":[{"embeddable":true,"href":"https:\/\/migracao.redenoticia.com.br\/noticia\/wp-json\/wp\/v2\/comments?post=40468"}],"version-history":[{"count":0,"href":"https:\/\/migracao.redenoticia.com.br\/noticia\/wp-json\/wp\/v2\/posts\/40468\/revisions"}],"wp:featuredmedia":[{"embeddable":true,"href":"https:\/\/migracao.redenoticia.com.br\/noticia\/wp-json\/wp\/v2\/media\/39956"}],"wp:attachment":[{"href":"https:\/\/migracao.redenoticia.com.br\/noticia\/wp-json\/wp\/v2\/media?parent=40468"}],"wp:term":[{"taxonomy":"category","embeddable":true,"href":"https:\/\/migracao.redenoticia.com.br\/noticia\/wp-json\/wp\/v2\/categories?post=40468"},{"taxonomy":"post_tag","embeddable":true,"href":"https:\/\/migracao.redenoticia.com.br\/noticia\/wp-json\/wp\/v2\/tags?post=40468"}],"curies":[{"name":"wp","href":"https:\/\/api.w.org\/{rel}","templated":true}]}}