{"id":40469,"date":"2012-08-30T15:01:33","date_gmt":"2012-08-30T18:01:33","guid":{"rendered":"http:\/\/www.redenoticia.com.br\/noticia\/?p=40469"},"modified":"2012-08-30T15:01:33","modified_gmt":"2012-08-30T18:01:33","slug":"sociedade-brasileira-de-cardiologia-assina-nova-edicao-de-hipertensao","status":"publish","type":"post","link":"https:\/\/migracao.redenoticia.com.br\/noticia\/2012\/sociedade-brasileira-de-cardiologia-assina-nova-edicao-de-hipertensao\/40469","title":{"rendered":"Sociedade Brasileira de Cardiologia assina nova edi\u00e7\u00e3o de Hipertens\u00e3o"},"content":{"rendered":"<p>Ag\u00eancia FAPESP \u2013 O Departamento de Hipertens\u00e3o da Sociedade Brasileira de Cardiologia (SBC) assina a segunda edi\u00e7\u00e3o de <em><strong>Hipertens\u00e3o<\/strong><\/em> (Editora Elsevier), que ser\u00e1 lan\u00e7ada no dia 15 de setembro de 2012, durante o <a href=\"http:\/\/congresso.cardiol.br\/67\/informacoes.asp\" target=\"_blank\">Congresso Brasileiro de Cardiologia<\/a>, no Recife (PE).<\/p>\n<p>Revisada, atualizada e ampliada com 11 novos cap\u00edtulos e com abrang\u00eancia multidisciplinar, a obra teve sua primeira edi\u00e7\u00e3o lan\u00e7ada em 2006. Andr\u00e9a Araujo Brand\u00e3o (Universidade do Estado do Rio de Janeiro), Celso Amodeo (Instituto Dante Pazzanese de Cardiologia) e Fernando Nobre (Universidade de S\u00e3o Paulo) s\u00e3o os editores chefes da publica\u00e7\u00e3o, que re\u00fane colabora\u00e7\u00f5es de 112 renomados profissionais.<\/p>\n<p>Hipertens\u00e3o aborda pr\u00e1ticas na \u00e1rea e apresenta informa\u00e7\u00f5es atualizadas sobre preven\u00e7\u00e3o, diagn\u00f3stico e tratamento da doen\u00e7a, atendendo aos m\u00e9dicos cardiologistas e profissionais de outras especialidades que recebem pacientes hipertensos no dia a dia.<\/p>\n<p>Quais s\u00e3o as formas de tratamentos para controle da doen\u00e7a? Como controlar a press\u00e3o central e diminuir acidentes cardiovasculares? Essas s\u00e3o quest\u00f5es abordadas na obra, que inclui influ\u00eancias gen\u00e9ticas e ambientais e estrat\u00e9gias medicamentosas na conduta m\u00e9dica, de acordo com cada paciente.<\/p>\n<p>De acordo com a SBC, como 80% dos hipertensos tomam mais de um medicamento para manter os n\u00edveis da press\u00e3o, o livro traz a interface entre os f\u00e1rmacos utilizados nos tratamentos, assunto que mereceu um cap\u00edtulo novo nesta edi\u00e7\u00e3o.<\/p>\n<p>Outros destaques do livro s\u00e3o: a hipertens\u00e3o em crian\u00e7as, idosos e mulheres; hipertens\u00e3o perioperat\u00f3ria; impacto da doen\u00e7a no mundo; fisiologia da press\u00e3o arterial normal; aterosclerose e inflama\u00e7\u00e3o; estresse comportamental; s\u00edndrome metab\u00f3lica; e acidente vascular encef\u00e1lico.<\/p>\n<p>O e-book estar\u00e1 dispon\u00edvel a partir de novembro.<\/p>\n<ul>\n<li>Hipertens\u00e3o<br \/>\nEditora: Elsevier<br \/>\nAutores: Andr\u00e9a Araujo Brand\u00e3o, Celso Amodeo e Fernando Nobre<br \/>\nP\u00e1ginas: 560<br \/>\nPre\u00e7o: R$ 199<br \/>\nMais informa\u00e7\u00f5es: <a href=\"http:\/\/www.elsevier.com.br\/\" target=\"_blank\">www.elsevier.com.br<\/a><\/li>\n<\/ul>\n","protected":false},"excerpt":{"rendered":"<p>Ag\u00eancia FAPESP \u2013 O Departamento de Hipertens\u00e3o da Sociedade Brasileira de Cardiologia (SBC) assina a segunda edi\u00e7\u00e3o de Hipertens\u00e3o (Editora Elsevier), que ser\u00e1 lan\u00e7ada no dia 15 de setembro de 2012, durante o Congresso Brasileiro de Cardiologia, no Recife (PE). Revisada, atualizada e ampliada com 11 novos cap\u00edtulos e com abrang\u00eancia multidisciplinar, a obra teve [&hellip;]<\/p>\n","protected":false},"author":3,"featured_media":37376,"comment_status":"open","ping_status":"closed","sticky":false,"template":"","format":"standard","meta":{"tdm_status":"","tdm_grid_status":"","footnotes":""},"categories":[22,5],"tags":[],"class_list":{"0":"post-40469","1":"post","2":"type-post","3":"status-publish","4":"format-standard","5":"has-post-thumbnail","7":"category-brasil","8":"category-saude-e-vida"},"_links":{"self":[{"href":"https:\/\/migracao.redenoticia.com.br\/noticia\/wp-json\/wp\/v2\/posts\/40469","targetHints":{"allow":["GET"]}}],"collection":[{"href":"https:\/\/migracao.redenoticia.com.br\/noticia\/wp-json\/wp\/v2\/posts"}],"about":[{"href":"https:\/\/migracao.redenoticia.com.br\/noticia\/wp-json\/wp\/v2\/types\/post"}],"author":[{"embeddable":true,"href":"https:\/\/migracao.redenoticia.com.br\/noticia\/wp-json\/wp\/v2\/users\/3"}],"replies":[{"embeddable":true,"href":"https:\/\/migracao.redenoticia.com.br\/noticia\/wp-json\/wp\/v2\/comments?post=40469"}],"version-history":[{"count":0,"href":"https:\/\/migracao.redenoticia.com.br\/noticia\/wp-json\/wp\/v2\/posts\/40469\/revisions"}],"wp:featuredmedia":[{"embeddable":true,"href":"https:\/\/migracao.redenoticia.com.br\/noticia\/wp-json\/wp\/v2\/media\/37376"}],"wp:attachment":[{"href":"https:\/\/migracao.redenoticia.com.br\/noticia\/wp-json\/wp\/v2\/media?parent=40469"}],"wp:term":[{"taxonomy":"category","embeddable":true,"href":"https:\/\/migracao.redenoticia.com.br\/noticia\/wp-json\/wp\/v2\/categories?post=40469"},{"taxonomy":"post_tag","embeddable":true,"href":"https:\/\/migracao.redenoticia.com.br\/noticia\/wp-json\/wp\/v2\/tags?post=40469"}],"curies":[{"name":"wp","href":"https:\/\/api.w.org\/{rel}","templated":true}]}}