{"id":40478,"date":"2012-08-31T14:56:26","date_gmt":"2012-08-31T17:56:26","guid":{"rendered":"http:\/\/www.redenoticia.com.br\/noticia\/?p=40478"},"modified":"2012-08-31T14:56:26","modified_gmt":"2012-08-31T17:56:26","slug":"olimpiada-de-portugues-prazo-para-selecionar-textos","status":"publish","type":"post","link":"https:\/\/migracao.redenoticia.com.br\/noticia\/2012\/olimpiada-de-portugues-prazo-para-selecionar-textos\/40478","title":{"rendered":"Olimp\u00edada de portugu\u00eas &#8211; prazo para selecionar textos"},"content":{"rendered":"<p><em><strong>Olimp\u00edada de portugu\u00eas<\/strong> <\/em>&#8211;\u00a0Escolas p\u00fablicas de todo o pa\u00eds t\u00eam prazo at\u00e9 3 de setembro para selecionar os textos produzidos pelos alunos, com apoio de professores, e envi\u00e1-los \u00e0 comiss\u00e3o julgadora municipal da terceira edi\u00e7\u00e3o da Olimp\u00edada de L\u00edngua Portuguesa Escrevendo o Futuro.<\/p>\n<p>Uma vez encerrada a produ\u00e7\u00e3o dos trabalhos em sala de aula, \u00e9 hora de cada professor escolher o melhor texto da classe, junto com seus alunos. Durante o m\u00eas de agosto as escolas organizaram uma comiss\u00e3o julgadora para selecionar um texto por categoria (poema, mem\u00f3rias liter\u00e1rias, cr\u00f4nica, artigo de opini\u00e3o). Da\u00ed em diante, o texto passa por sucessivas etapas de sele\u00e7\u00e3o \u2013 municipal, estadual, regional at\u00e9 chegar \u00e0 nacional.<\/p>\n<p>Cabe ao diretor da escola a forma\u00e7\u00e3o da comiss\u00e3o escolar, que pode ser composta por um grupo de tr\u00eas a cinco avaliadores, entre professores de l\u00edngua portuguesa, representantes de pais de alunos e da comunidade. Os crit\u00e9rios a serem seguidos pela comiss\u00e3o para avaliar os textos est\u00e1 publicado na comunidade virtual da olimp\u00edada.<\/p>\n<p>Os 500 semifinalistas participam com seus professores do Encontro Regional em uma capital brasileira. Os 152 finalistas participam com seus professores, diretores e um pai ou respons\u00e1vel do encontro nacional em Bras\u00edlia, onde ser\u00e3o anunciados os 20 vencedores. Na etapa regional h\u00e1 tamb\u00e9m um concurso para relato de pr\u00e1tica, destinado aos professores dos alunos semifinalistas. Uma comiss\u00e3o julgadora espec\u00edfica seleciona um relato por regi\u00e3o.<\/p>\n<p>O programa do Minist\u00e9rio da Educa\u00e7\u00e3o e Funda\u00e7\u00e3o Ita\u00fa Social, em parceria com o Centro de Estudos e Pesquisas em Educa\u00e7\u00e3o, Cultura e A\u00e7\u00e3o Comunit\u00e1ria (Cenpec), oferece forma\u00e7\u00e3o a professores da rede p\u00fablica para o ensino do idioma com o objetivo de estimular a leitura e desenvolver compet\u00eancia de escrita nos alunos.<\/p>\n<p>Assessoria de Comunica\u00e7\u00e3o Social, com informa\u00e7\u00f5es da Funda\u00e7\u00e3o Ita\u00fa Social<\/p>\n","protected":false},"excerpt":{"rendered":"<p>Olimp\u00edada de portugu\u00eas &#8211;\u00a0Escolas p\u00fablicas de todo o pa\u00eds t\u00eam prazo at\u00e9 3 de setembro para selecionar os textos produzidos pelos alunos, com apoio de professores, e envi\u00e1-los \u00e0 comiss\u00e3o julgadora municipal da terceira edi\u00e7\u00e3o da Olimp\u00edada de L\u00edngua Portuguesa Escrevendo o Futuro. Uma vez encerrada a produ\u00e7\u00e3o dos trabalhos em sala de aula, \u00e9 [&hellip;]<\/p>\n","protected":false},"author":3,"featured_media":36265,"comment_status":"open","ping_status":"closed","sticky":false,"template":"","format":"standard","meta":{"tdm_status":"","tdm_grid_status":"","footnotes":""},"categories":[22,370,353],"tags":[],"class_list":{"0":"post-40478","1":"post","2":"type-post","3":"status-publish","4":"format-standard","5":"has-post-thumbnail","7":"category-brasil","8":"category-inscricao","9":"category-oportunidades"},"_links":{"self":[{"href":"https:\/\/migracao.redenoticia.com.br\/noticia\/wp-json\/wp\/v2\/posts\/40478","targetHints":{"allow":["GET"]}}],"collection":[{"href":"https:\/\/migracao.redenoticia.com.br\/noticia\/wp-json\/wp\/v2\/posts"}],"about":[{"href":"https:\/\/migracao.redenoticia.com.br\/noticia\/wp-json\/wp\/v2\/types\/post"}],"author":[{"embeddable":true,"href":"https:\/\/migracao.redenoticia.com.br\/noticia\/wp-json\/wp\/v2\/users\/3"}],"replies":[{"embeddable":true,"href":"https:\/\/migracao.redenoticia.com.br\/noticia\/wp-json\/wp\/v2\/comments?post=40478"}],"version-history":[{"count":0,"href":"https:\/\/migracao.redenoticia.com.br\/noticia\/wp-json\/wp\/v2\/posts\/40478\/revisions"}],"wp:featuredmedia":[{"embeddable":true,"href":"https:\/\/migracao.redenoticia.com.br\/noticia\/wp-json\/wp\/v2\/media\/36265"}],"wp:attachment":[{"href":"https:\/\/migracao.redenoticia.com.br\/noticia\/wp-json\/wp\/v2\/media?parent=40478"}],"wp:term":[{"taxonomy":"category","embeddable":true,"href":"https:\/\/migracao.redenoticia.com.br\/noticia\/wp-json\/wp\/v2\/categories?post=40478"},{"taxonomy":"post_tag","embeddable":true,"href":"https:\/\/migracao.redenoticia.com.br\/noticia\/wp-json\/wp\/v2\/tags?post=40478"}],"curies":[{"name":"wp","href":"https:\/\/api.w.org\/{rel}","templated":true}]}}