{"id":40482,"date":"2012-08-31T15:23:09","date_gmt":"2012-08-31T18:23:09","guid":{"rendered":"http:\/\/www.redenoticia.com.br\/noticia\/?p=40482"},"modified":"2012-08-31T15:23:09","modified_gmt":"2012-08-31T18:23:09","slug":"setembro-tera-chuva-abaixo-da-media-em-grande-parte-do-brasil","status":"publish","type":"post","link":"https:\/\/migracao.redenoticia.com.br\/noticia\/2012\/setembro-tera-chuva-abaixo-da-media-em-grande-parte-do-brasil\/40482","title":{"rendered":"Setembro ter\u00e1 chuva abaixo da m\u00e9dia em grande parte do Brasil"},"content":{"rendered":"<p>A partir de setembro as <em><strong>chuvas<\/strong><\/em> fortes come\u00e7am a retornar na maior parte das Regi\u00f5es Sudeste, Centro-Oeste e Norte do Brasil. Segundo previs\u00e3o da Somar, este ano as precipita\u00e7\u00f5es v\u00e3o aparecer por volta dos dias 15 ou 20 de setembro, mas deve vir com acumulado menor que o normal. Por isso, a previs\u00e3o para o m\u00eas \u00e9 de chuva abaixo da m\u00e9dia nas tr\u00eas Regi\u00f5es, com exce\u00e7\u00e3o do Esp\u00edrito Santo.<\/p>\n<p>De acordo com o meteorologista Celso Oliveira, no Estado capixaba e no centro e leste da Bahia, a expectativa \u00e9 de um padr\u00e3o semelhante ao de agosto. Entre aproximadamente 10 e 25 de setembro, esperam-se novamente ventos fortes provenientes do mar, gerando chuvas constantes e com elevado acumulado. J\u00e1 no interior da Bahia e nos demais Estados do Nordeste, o m\u00eas de setembro ser\u00e1 pr\u00f3ximo do normal, portanto, seco.<\/p>\n<p>Para a Regi\u00e3o Sul do Brasil, inclusive no Paran\u00e1 e em Santa Catarina, a previs\u00e3o \u00e9 de chuvas acima da m\u00e9dia por conta do fen\u00f4meno El Ni\u00f1o.<\/p>\n<p>Temperatura<br \/>\nEspera-se um padr\u00e3o semelhante ao de agosto, com temperatura acima da m\u00e9dia no Sul, S\u00e3o Paulo e Mato Grosso do Sul e abaixo da m\u00e9dia no Esp\u00edrito Santo, Bahia, Sergipe, Alagoas, Goi\u00e1s, Distrito Federal e Rio de Janeiro.<\/p>\n","protected":false},"excerpt":{"rendered":"<p>A partir de setembro as chuvas fortes come\u00e7am a retornar na maior parte das Regi\u00f5es Sudeste, Centro-Oeste e Norte do Brasil. Segundo previs\u00e3o da Somar, este ano as precipita\u00e7\u00f5es v\u00e3o aparecer por volta dos dias 15 ou 20 de setembro, mas deve vir com acumulado menor que o normal. Por isso, a previs\u00e3o para o [&hellip;]<\/p>\n","protected":false},"author":3,"featured_media":28410,"comment_status":"open","ping_status":"closed","sticky":false,"template":"","format":"standard","meta":{"tdm_status":"","tdm_grid_status":"","footnotes":""},"categories":[22,327,376],"tags":[],"class_list":{"0":"post-40482","1":"post","2":"type-post","3":"status-publish","4":"format-standard","5":"has-post-thumbnail","7":"category-brasil","8":"category-clima","9":"category-clima-brasil"},"_links":{"self":[{"href":"https:\/\/migracao.redenoticia.com.br\/noticia\/wp-json\/wp\/v2\/posts\/40482","targetHints":{"allow":["GET"]}}],"collection":[{"href":"https:\/\/migracao.redenoticia.com.br\/noticia\/wp-json\/wp\/v2\/posts"}],"about":[{"href":"https:\/\/migracao.redenoticia.com.br\/noticia\/wp-json\/wp\/v2\/types\/post"}],"author":[{"embeddable":true,"href":"https:\/\/migracao.redenoticia.com.br\/noticia\/wp-json\/wp\/v2\/users\/3"}],"replies":[{"embeddable":true,"href":"https:\/\/migracao.redenoticia.com.br\/noticia\/wp-json\/wp\/v2\/comments?post=40482"}],"version-history":[{"count":0,"href":"https:\/\/migracao.redenoticia.com.br\/noticia\/wp-json\/wp\/v2\/posts\/40482\/revisions"}],"wp:featuredmedia":[{"embeddable":true,"href":"https:\/\/migracao.redenoticia.com.br\/noticia\/wp-json\/wp\/v2\/media\/28410"}],"wp:attachment":[{"href":"https:\/\/migracao.redenoticia.com.br\/noticia\/wp-json\/wp\/v2\/media?parent=40482"}],"wp:term":[{"taxonomy":"category","embeddable":true,"href":"https:\/\/migracao.redenoticia.com.br\/noticia\/wp-json\/wp\/v2\/categories?post=40482"},{"taxonomy":"post_tag","embeddable":true,"href":"https:\/\/migracao.redenoticia.com.br\/noticia\/wp-json\/wp\/v2\/tags?post=40482"}],"curies":[{"name":"wp","href":"https:\/\/api.w.org\/{rel}","templated":true}]}}