{"id":40518,"date":"2012-09-03T17:55:24","date_gmt":"2012-09-03T20:55:24","guid":{"rendered":"http:\/\/www.redenoticia.com.br\/noticia\/?p=40518"},"modified":"2012-09-03T17:55:24","modified_gmt":"2012-09-03T20:55:24","slug":"enfraquecimento-do-el-nino-muda-direcao-do-vento","status":"publish","type":"post","link":"https:\/\/migracao.redenoticia.com.br\/noticia\/2012\/enfraquecimento-do-el-nino-muda-direcao-do-vento\/40518","title":{"rendered":"Enfraquecimento do El Ni\u00f1o muda dire\u00e7\u00e3o do vento"},"content":{"rendered":"<p>O <em><strong>El Ni\u00f1o<\/strong><\/em> \u00e9 o aquecimento do Oceano Pac\u00edfico, que aumenta a evapora\u00e7\u00e3o das \u00e1guas e modifica a intensidade e dire\u00e7\u00e3o dos ventos em todo Planeta. No Brasil, normalmente a instala\u00e7\u00e3o desse fen\u00f4meno causa excesso de chuvas na regi\u00e3o Sul e tempo seco no Norte e Nordeste.<\/p>\n<p>O desenvolvimento padr\u00e3o do El Ni\u00f1o ocorre primeiro com o aquecimento das \u00e1guas pr\u00f3ximas a costa da Am\u00e9rica do Sul, na altura da Linha do Equador e se estende para a regi\u00e3o central do Oceano Pac\u00edfico.<\/p>\n<p>Em 2012, a temperatura das \u00e1guas na altura do litoral do Equador come\u00e7aram a subir em maio, por isso a corrente de jato, que \u00e9 um corredor de ventos, avan\u00e7ou do Oceano Pac\u00edfico para a regi\u00e3o Sul, provocando chuvas entre o Paran\u00e1, Santa Catarina e Rio Grande do Sul.<\/p>\n<p>Nos \u00faltimos 30 dias, a \u00e1gua ficou mais quente no meio do Oceano do que na costa da Am\u00e9rica do Sul, quando isto acontece, o El Ni\u00f1o \u00e9 chamado de modoki. Nessas condi\u00e7\u00f5es atuais a dire\u00e7\u00e3o dos ventos mudou e o ar seco est\u00e1 sobre o Rio Grande do Sul, deixando as frentes frias concentradas entre a Argentina e o Uruguai.<\/p>\n<p>Agosto normalmente \u00e9 um m\u00eas seco, mas o acumulado foi bem abaixo da m\u00e9dia na regi\u00e3o Sul, o que trouxe frusta\u00e7\u00e3o para os agricultores, que tinham expectativas do retorno das chuvas. Com a forma\u00e7\u00e3o do bloqueio atmosf\u00e9rico no Rio Grande do Sul, setembro come\u00e7a com tempo seco e quente no Estado.<\/p>\n<p>Para a Argentina e o Uruguai, que tiveram os dois \u00faltimos ver\u00f5es de seca e calor, a concentra\u00e7\u00e3o de chuvas traz benef\u00edcios para a instala\u00e7\u00e3o antecipada das lavouras de ver\u00e3o. J\u00e1 no Brasil, o El Ni\u00f1o mais parecido com o de 2006\/2007 faz com que o retorno das chuvas atrase. Nessas condi\u00e7\u00f5es, setembro e outubro ainda ser\u00e3o meses de precipita\u00e7\u00f5es irregulares na regi\u00e3o Sul.<\/p>\n<p>Rafaela F\u00e1varo<\/p>\n","protected":false},"excerpt":{"rendered":"<p>O El Ni\u00f1o \u00e9 o aquecimento do Oceano Pac\u00edfico, que aumenta a evapora\u00e7\u00e3o das \u00e1guas e modifica a intensidade e dire\u00e7\u00e3o dos ventos em todo Planeta. No Brasil, normalmente a instala\u00e7\u00e3o desse fen\u00f4meno causa excesso de chuvas na regi\u00e3o Sul e tempo seco no Norte e Nordeste. O desenvolvimento padr\u00e3o do El Ni\u00f1o ocorre primeiro [&hellip;]<\/p>\n","protected":false},"author":3,"featured_media":28410,"comment_status":"open","ping_status":"closed","sticky":false,"template":"","format":"standard","meta":{"tdm_status":"","tdm_grid_status":"","footnotes":""},"categories":[22,327,376],"tags":[],"class_list":{"0":"post-40518","1":"post","2":"type-post","3":"status-publish","4":"format-standard","5":"has-post-thumbnail","7":"category-brasil","8":"category-clima","9":"category-clima-brasil"},"_links":{"self":[{"href":"https:\/\/migracao.redenoticia.com.br\/noticia\/wp-json\/wp\/v2\/posts\/40518","targetHints":{"allow":["GET"]}}],"collection":[{"href":"https:\/\/migracao.redenoticia.com.br\/noticia\/wp-json\/wp\/v2\/posts"}],"about":[{"href":"https:\/\/migracao.redenoticia.com.br\/noticia\/wp-json\/wp\/v2\/types\/post"}],"author":[{"embeddable":true,"href":"https:\/\/migracao.redenoticia.com.br\/noticia\/wp-json\/wp\/v2\/users\/3"}],"replies":[{"embeddable":true,"href":"https:\/\/migracao.redenoticia.com.br\/noticia\/wp-json\/wp\/v2\/comments?post=40518"}],"version-history":[{"count":0,"href":"https:\/\/migracao.redenoticia.com.br\/noticia\/wp-json\/wp\/v2\/posts\/40518\/revisions"}],"wp:featuredmedia":[{"embeddable":true,"href":"https:\/\/migracao.redenoticia.com.br\/noticia\/wp-json\/wp\/v2\/media\/28410"}],"wp:attachment":[{"href":"https:\/\/migracao.redenoticia.com.br\/noticia\/wp-json\/wp\/v2\/media?parent=40518"}],"wp:term":[{"taxonomy":"category","embeddable":true,"href":"https:\/\/migracao.redenoticia.com.br\/noticia\/wp-json\/wp\/v2\/categories?post=40518"},{"taxonomy":"post_tag","embeddable":true,"href":"https:\/\/migracao.redenoticia.com.br\/noticia\/wp-json\/wp\/v2\/tags?post=40518"}],"curies":[{"name":"wp","href":"https:\/\/api.w.org\/{rel}","templated":true}]}}