{"id":40519,"date":"2012-09-03T18:01:05","date_gmt":"2012-09-03T21:01:05","guid":{"rendered":"http:\/\/www.redenoticia.com.br\/noticia\/?p=40519"},"modified":"2012-09-03T18:01:05","modified_gmt":"2012-09-03T21:01:05","slug":"professores-universitarios-filiados-ao-andes-sn-mantem-greve","status":"publish","type":"post","link":"https:\/\/migracao.redenoticia.com.br\/noticia\/2012\/professores-universitarios-filiados-ao-andes-sn-mantem-greve\/40519","title":{"rendered":"Professores universit\u00e1rios filiados ao Andes-SN mant\u00eam greve"},"content":{"rendered":"<p>Bras\u00edlia \u2013 Os professores universit\u00e1rios da base do Sindicato Nacional dos Docentes das Institui\u00e7\u00f5es de Ensino Superior (Andes-SN) decidiram manter a greve at\u00e9, pelo menos, a pr\u00f3xima quinta-feira (6), quando ser\u00e3o finalizadas assembleias estaduais para definir os rumos da paralisa\u00e7\u00e3o. No total, s\u00e3o 52 universidades, dois centros federais de educa\u00e7\u00e3o tecnol\u00f3gica (Cefets) e quatro institutos federais de tecnologia (Ifets) em <em><strong>greve<\/strong><\/em>.<\/p>\n<p>Os docentes da base do Sindicato de Professores de Institui\u00e7\u00f5es Federais de Ensino Superior (Proifes) decidiram pelo fim da paralisa\u00e7\u00e3o na \u00faltima sexta-feira (31) e consideraram o termo de acordo com o governo uma \u201cgrande vit\u00f3ria\u201d. Espera-se que as atividades de cinco institui\u00e7\u00f5es que fazem parte da base do Proifes sejam retomadas a partir da pr\u00f3xima segunda-feira (10).<\/p>\n<p>O Proifes, que representa uma minoria da categoria, aceitou o reajuste com percentuais que variam de 25% a 40%. O Andes-SN, por outro lado, apresentou uma contraproposta ao governo. De acordo com o Minist\u00e9rio do Planejamento, Or\u00e7amento e Gest\u00e3o (Mpog), n\u00e3o dever\u00e1 ser apresentada nenhuma contrapartida.<\/p>\n<p>O minist\u00e9rio considera as negocia\u00e7\u00f5es encerradas desde dia 3 de agosto, quando foi assinado termo de acordo com o Proifes. No dia 28 de agosto, ainda foi firmado acordo com a Federa\u00e7\u00e3o de Sindicatos de Trabalhadores das Universidades Brasileiras (Fasubra).<\/p>\n<p>As aulas da Universidade Federal do Rio Grande do Sul (UFRGS), da Universidade Federal de S\u00e3o Carlos (UFSCar), da Universidade Federal de Ci\u00eancias da Sa\u00fade de Porto Alegre (UFCSPA), da Universidade de Bras\u00edlia (UnB) e da Universidade Federal do Cear\u00e1 (UFC) foram retomadas. Na Universidade Federal de Santa Catarina (UFSC) e na Universidade Federal de S\u00e3o Paulo (Unifesp), as atividades foram retomadas parcialmente.<\/p>\n<p>Carolina Sarres<br \/>\nRep\u00f3rter da Ag\u00eancia Brasil<br \/>\nEdi\u00e7\u00e3o: F\u00e1bio Massalli<\/p>\n","protected":false},"excerpt":{"rendered":"<p>Bras\u00edlia \u2013 Os professores universit\u00e1rios da base do Sindicato Nacional dos Docentes das Institui\u00e7\u00f5es de Ensino Superior (Andes-SN) decidiram manter a greve at\u00e9, pelo menos, a pr\u00f3xima quinta-feira (6), quando ser\u00e3o finalizadas assembleias estaduais para definir os rumos da paralisa\u00e7\u00e3o. No total, s\u00e3o 52 universidades, dois centros federais de educa\u00e7\u00e3o tecnol\u00f3gica (Cefets) e quatro institutos [&hellip;]<\/p>\n","protected":false},"author":3,"featured_media":36241,"comment_status":"open","ping_status":"closed","sticky":false,"template":"","format":"standard","meta":{"tdm_status":"","tdm_grid_status":"","footnotes":""},"categories":[22],"tags":[],"class_list":{"0":"post-40519","1":"post","2":"type-post","3":"status-publish","4":"format-standard","5":"has-post-thumbnail","7":"category-brasil"},"_links":{"self":[{"href":"https:\/\/migracao.redenoticia.com.br\/noticia\/wp-json\/wp\/v2\/posts\/40519","targetHints":{"allow":["GET"]}}],"collection":[{"href":"https:\/\/migracao.redenoticia.com.br\/noticia\/wp-json\/wp\/v2\/posts"}],"about":[{"href":"https:\/\/migracao.redenoticia.com.br\/noticia\/wp-json\/wp\/v2\/types\/post"}],"author":[{"embeddable":true,"href":"https:\/\/migracao.redenoticia.com.br\/noticia\/wp-json\/wp\/v2\/users\/3"}],"replies":[{"embeddable":true,"href":"https:\/\/migracao.redenoticia.com.br\/noticia\/wp-json\/wp\/v2\/comments?post=40519"}],"version-history":[{"count":0,"href":"https:\/\/migracao.redenoticia.com.br\/noticia\/wp-json\/wp\/v2\/posts\/40519\/revisions"}],"wp:featuredmedia":[{"embeddable":true,"href":"https:\/\/migracao.redenoticia.com.br\/noticia\/wp-json\/wp\/v2\/media\/36241"}],"wp:attachment":[{"href":"https:\/\/migracao.redenoticia.com.br\/noticia\/wp-json\/wp\/v2\/media?parent=40519"}],"wp:term":[{"taxonomy":"category","embeddable":true,"href":"https:\/\/migracao.redenoticia.com.br\/noticia\/wp-json\/wp\/v2\/categories?post=40519"},{"taxonomy":"post_tag","embeddable":true,"href":"https:\/\/migracao.redenoticia.com.br\/noticia\/wp-json\/wp\/v2\/tags?post=40519"}],"curies":[{"name":"wp","href":"https:\/\/api.w.org\/{rel}","templated":true}]}}