{"id":40530,"date":"2012-09-04T10:29:54","date_gmt":"2012-09-04T13:29:54","guid":{"rendered":"http:\/\/www.redenoticia.com.br\/noticia\/?p=40530"},"modified":"2012-09-04T10:29:54","modified_gmt":"2012-09-04T13:29:54","slug":"empresarios-da-area-de-softwares-defendem-mais-investimentos","status":"publish","type":"post","link":"https:\/\/migracao.redenoticia.com.br\/noticia\/2012\/empresarios-da-area-de-softwares-defendem-mais-investimentos\/40530","title":{"rendered":"Empres\u00e1rios da \u00e1rea de softwares defendem mais investimentos"},"content":{"rendered":"<p>Rio de Janeiro \u2013 Empres\u00e1rios da \u00e1rea de <em><strong>tecnologia da informa\u00e7\u00e3o<\/strong><\/em> (TI), ligados \u00e0 produ\u00e7\u00e3o de softwares, cobraram do governo mais apoio para o setor. Durante a abertura da 10\u00aa Rio Info (feira de inform\u00e1tica), na capital fluminense, eles consideraram insuficientes as medidas adotadas at\u00e9 agora.<\/p>\n<p>Segundo Benito Paret, que preside o evento, a ind\u00fastria de softwares defende a implanta\u00e7\u00e3o de uma pol\u00edtica nacional que priorize a produ\u00e7\u00e3o de programas de computadores. Ele tamb\u00e9m reivindicou o mesmo tratamento dado ao setor de hardwares que, segundo o empres\u00e1rio, tem sido beneficiado com mais investimentos.<\/p>\n<p>Para os empres\u00e1rios, o Programa TI Maior, que prev\u00ea recursos para a \u00e1rea de tecnologia da informa\u00e7\u00e3o, tem sido t\u00edmido ao direcionar investimentos para o setor de softwares. O gerente de TI do Banco Nacional de Desenvolvimento Econ\u00f4mico e Social (BNDES), Julio Cesar Raimundo, apontou o setor de TI como um dos priorit\u00e1rios para o banco. \u201cA necessidade de recursos e investimentos \u00e9 permanente, ent\u00e3o \u00e9 natural que haja uma demanda de recursos por parte dos empres\u00e1rios. A gente vem aprofundando isso a cada momento\u201d, disse.<\/p>\n<p>O secret\u00e1rio executivo do Minist\u00e9rio da Ci\u00eancia, Tecnologia e Inova\u00e7\u00e3o, Luiz Ant\u00f4nio Elias, defendeu as pol\u00edticas governamentais de investimento em TI, que, segundo ele, atendem \u00e0s micro e pequenas empresas, com pouco mais de 60% do total de investimentos, em n\u00fameros gerais. Ele pediu ainda que o setor direcionasse suas sugest\u00f5es \u00e0 pasta, aprofundando o debate. \u201cO programa [TI Maior] \u00e9 isso, \u00e9 criar o debate nesta \u00e1rea, no sentido de que a gente possa trazer sempre elementos construtivos para o aperfei\u00e7oamento da pol\u00edtica p\u00fablica\u201d, declarou.<\/p>\n<p>Guilherme Jeronymo<br \/>\nRep\u00f3rter da Ag\u00eancia Brasil<br \/>\nEdi\u00e7\u00e3o: A\u00e9cio Amado<\/p>\n","protected":false},"excerpt":{"rendered":"<p>Rio de Janeiro \u2013 Empres\u00e1rios da \u00e1rea de tecnologia da informa\u00e7\u00e3o (TI), ligados \u00e0 produ\u00e7\u00e3o de softwares, cobraram do governo mais apoio para o setor. Durante a abertura da 10\u00aa Rio Info (feira de inform\u00e1tica), na capital fluminense, eles consideraram insuficientes as medidas adotadas at\u00e9 agora. Segundo Benito Paret, que preside o evento, a ind\u00fastria [&hellip;]<\/p>\n","protected":false},"author":3,"featured_media":36257,"comment_status":"open","ping_status":"closed","sticky":false,"template":"","format":"standard","meta":{"tdm_status":"","tdm_grid_status":"","footnotes":""},"categories":[22,7],"tags":[],"class_list":{"0":"post-40530","1":"post","2":"type-post","3":"status-publish","4":"format-standard","5":"has-post-thumbnail","7":"category-brasil","8":"category-economia"},"_links":{"self":[{"href":"https:\/\/migracao.redenoticia.com.br\/noticia\/wp-json\/wp\/v2\/posts\/40530","targetHints":{"allow":["GET"]}}],"collection":[{"href":"https:\/\/migracao.redenoticia.com.br\/noticia\/wp-json\/wp\/v2\/posts"}],"about":[{"href":"https:\/\/migracao.redenoticia.com.br\/noticia\/wp-json\/wp\/v2\/types\/post"}],"author":[{"embeddable":true,"href":"https:\/\/migracao.redenoticia.com.br\/noticia\/wp-json\/wp\/v2\/users\/3"}],"replies":[{"embeddable":true,"href":"https:\/\/migracao.redenoticia.com.br\/noticia\/wp-json\/wp\/v2\/comments?post=40530"}],"version-history":[{"count":0,"href":"https:\/\/migracao.redenoticia.com.br\/noticia\/wp-json\/wp\/v2\/posts\/40530\/revisions"}],"wp:featuredmedia":[{"embeddable":true,"href":"https:\/\/migracao.redenoticia.com.br\/noticia\/wp-json\/wp\/v2\/media\/36257"}],"wp:attachment":[{"href":"https:\/\/migracao.redenoticia.com.br\/noticia\/wp-json\/wp\/v2\/media?parent=40530"}],"wp:term":[{"taxonomy":"category","embeddable":true,"href":"https:\/\/migracao.redenoticia.com.br\/noticia\/wp-json\/wp\/v2\/categories?post=40530"},{"taxonomy":"post_tag","embeddable":true,"href":"https:\/\/migracao.redenoticia.com.br\/noticia\/wp-json\/wp\/v2\/tags?post=40530"}],"curies":[{"name":"wp","href":"https:\/\/api.w.org\/{rel}","templated":true}]}}