{"id":40534,"date":"2012-09-04T10:40:34","date_gmt":"2012-09-04T13:40:34","guid":{"rendered":"http:\/\/www.redenoticia.com.br\/noticia\/?p=40534"},"modified":"2012-09-04T10:40:34","modified_gmt":"2012-09-04T13:40:34","slug":"professores-de-24-institutos-decidiram-pelo-fim-da-greve","status":"publish","type":"post","link":"https:\/\/migracao.redenoticia.com.br\/noticia\/2012\/professores-de-24-institutos-decidiram-pelo-fim-da-greve\/40534","title":{"rendered":"Professores de 24 institutos decidiram pelo fim da greve"},"content":{"rendered":"<p>Professores de 24 institutos federais de educa\u00e7\u00e3o, ci\u00eancia e tecnologia decidiram pelo fim da <em><strong>greve<\/strong><\/em> e devem voltar \u00e0s atividades acad\u00eamicas nos pr\u00f3ximos dias. Ainda esta semana, outros 14 institutos realizar\u00e3o assembleias com indicativo do fim do movimento. Dos 38 institutos federais, dois centros federais de educa\u00e7\u00e3o tecnol\u00f3gica (cefets) e o Col\u00e9gio Pedro II, apenas duas institui\u00e7\u00f5es resolveram manter a paralisa\u00e7\u00e3o: o Instituto Federal do Rio Grande do Norte (IFRN) e o Centro Federal de Educa\u00e7\u00e3o Tecnol\u00f3gica de Minas Gerais (Cefet-MG). Todos os t\u00e9cnicos administrativos, tanto dos institutos quanto das universidades federais, j\u00e1 retornaram \u00e0s atividades.<\/p>\n<p>Entre as universidades, nove sa\u00edram da greve dos docentes: as federais do Rio de Janeiro (UFRJ), da Fronteira Sul (UFFS), do Cear\u00e1 (UFC), de Ci\u00eancias da Sa\u00fade de Porto Alegre (UFCSPA), do Rio Grande do Sul (UFRGS), de Santa Catarina (UFSC), de S\u00e3o Carlos (Ufscar), a Luso-Afro-Brasileira (Unilab) e a Universidade de Bras\u00edlia (UnB). Al\u00e9m dessas, c\u00e2mpus de outras tr\u00eas institui\u00e7\u00f5es tamb\u00e9m voltaram \u00e0s aulas: campus Aragua\u00edna da Federal do Tocantins (UFT), campus Guarulhos da Federal de S\u00e3o Paulo (Unifesp) e campus Alegrete da Federal do Pampa (Unipampa). Professores de todas as universidades est\u00e3o retomando suas atividades.<\/p>\n<p>O Minist\u00e9rio da Educa\u00e7\u00e3o espera agora o rito sindical para a volta total das atividades acad\u00eamicas. O MEC informa ainda que est\u00e1 recebendo e analisando os planejamentos das universidades com rela\u00e7\u00e3o \u00e0 reposi\u00e7\u00e3o dos dias parados.<\/p>\n<p>Na proposta encaminhada ao Congresso, o governo busca a valoriza\u00e7\u00e3o da dedica\u00e7\u00e3o exclusiva e da titula\u00e7\u00e3o dos docentes. O aumento proposto prev\u00ea o m\u00ednimo de 25% e o m\u00e1ximo de 40%, a serem aplicados nos meses de mar\u00e7o de 2013 (50%), de 2014 (30%) e de 2015 (20%). Fica assegurado, portanto, reajuste m\u00ednimo de 13% a partir de mar\u00e7o do pr\u00f3ximo ano.<\/p>\n<p>Dessa forma, um profissional com doutorado rec\u00e9m-ingressado na carreira passaria a receber sal\u00e1rio de R$ 8.439,77 durante o est\u00e1gio probat\u00f3rio. Conclu\u00eddo esse per\u00edodo, chegar\u00e1 a R$ 10.007,24. Para o topo da carreira \u2014 professores titulares com dedica\u00e7\u00e3o exclusiva \u2014 o aumento proposto \u00e9 de 40%, o que significa sal\u00e1rios superiores a R$ 17 mil. Para a concess\u00e3o do reajuste, o governo liberou, no or\u00e7amento, recursos de R$ 4,2 bilh\u00f5es.<\/p>\n<p>Assessoria de Comunica\u00e7\u00e3o Social<\/p>\n","protected":false},"excerpt":{"rendered":"<p>Professores de 24 institutos federais de educa\u00e7\u00e3o, ci\u00eancia e tecnologia decidiram pelo fim da greve e devem voltar \u00e0s atividades acad\u00eamicas nos pr\u00f3ximos dias. Ainda esta semana, outros 14 institutos realizar\u00e3o assembleias com indicativo do fim do movimento. Dos 38 institutos federais, dois centros federais de educa\u00e7\u00e3o tecnol\u00f3gica (cefets) e o Col\u00e9gio Pedro II, apenas [&hellip;]<\/p>\n","protected":false},"author":3,"featured_media":36262,"comment_status":"open","ping_status":"closed","sticky":false,"template":"","format":"standard","meta":{"tdm_status":"","tdm_grid_status":"","footnotes":""},"categories":[22],"tags":[],"class_list":{"0":"post-40534","1":"post","2":"type-post","3":"status-publish","4":"format-standard","5":"has-post-thumbnail","7":"category-brasil"},"_links":{"self":[{"href":"https:\/\/migracao.redenoticia.com.br\/noticia\/wp-json\/wp\/v2\/posts\/40534","targetHints":{"allow":["GET"]}}],"collection":[{"href":"https:\/\/migracao.redenoticia.com.br\/noticia\/wp-json\/wp\/v2\/posts"}],"about":[{"href":"https:\/\/migracao.redenoticia.com.br\/noticia\/wp-json\/wp\/v2\/types\/post"}],"author":[{"embeddable":true,"href":"https:\/\/migracao.redenoticia.com.br\/noticia\/wp-json\/wp\/v2\/users\/3"}],"replies":[{"embeddable":true,"href":"https:\/\/migracao.redenoticia.com.br\/noticia\/wp-json\/wp\/v2\/comments?post=40534"}],"version-history":[{"count":0,"href":"https:\/\/migracao.redenoticia.com.br\/noticia\/wp-json\/wp\/v2\/posts\/40534\/revisions"}],"wp:featuredmedia":[{"embeddable":true,"href":"https:\/\/migracao.redenoticia.com.br\/noticia\/wp-json\/wp\/v2\/media\/36262"}],"wp:attachment":[{"href":"https:\/\/migracao.redenoticia.com.br\/noticia\/wp-json\/wp\/v2\/media?parent=40534"}],"wp:term":[{"taxonomy":"category","embeddable":true,"href":"https:\/\/migracao.redenoticia.com.br\/noticia\/wp-json\/wp\/v2\/categories?post=40534"},{"taxonomy":"post_tag","embeddable":true,"href":"https:\/\/migracao.redenoticia.com.br\/noticia\/wp-json\/wp\/v2\/tags?post=40534"}],"curies":[{"name":"wp","href":"https:\/\/api.w.org\/{rel}","templated":true}]}}