{"id":40546,"date":"2012-09-05T17:49:22","date_gmt":"2012-09-05T20:49:22","guid":{"rendered":"http:\/\/www.redenoticia.com.br\/noticia\/?p=40546"},"modified":"2012-09-08T18:30:02","modified_gmt":"2012-09-08T21:30:02","slug":"politecnica-da-usp-planeja-graduacao-em-engenharia-nuclear","status":"publish","type":"post","link":"https:\/\/migracao.redenoticia.com.br\/noticia\/2012\/politecnica-da-usp-planeja-graduacao-em-engenharia-nuclear\/40546","title":{"rendered":"Polit\u00e9cnica da USP planeja gradua\u00e7\u00e3o em engenharia nuclear"},"content":{"rendered":"<p>Ag\u00eancia FAPESP \u2013 A Escola Polit\u00e9cnica (Poli) da Universidade de S\u00e3o Paulo (USP) est\u00e1 preparando um <em><strong>curso de engenharia nuclear<\/strong><\/em>, que ser\u00e1 realizado em parceria com o Instituto de Pesquisas Energ\u00e9ticas e Nucleares (Ipen) e a Marinha do Brasil.<\/p>\n<p>De acordo com a institui\u00e7\u00e3o, n\u00e3o h\u00e1 uma data definida para abertura do novo curso ou de sua inclus\u00e3o no vestibular da Funda\u00e7\u00e3o Universit\u00e1ria para o Vestibular (Fuvest).<\/p>\n<p>Entretanto, j\u00e1 se sabe que, de in\u00edcio, ser\u00e3o oferecidas 60 vagas e o curso ser\u00e1 realizado em Iper\u00f3, no interior de S\u00e3o Paulo, onde est\u00e1 localizado o Centro Experimental de Aramar (CEA), da Marinha, que doou uma parte de seu terreno para a constru\u00e7\u00e3o das instala\u00e7\u00f5es.<\/p>\n<p>Na mesma regi\u00e3o, onde \u00e9 desenvolvida parte do programa nuclear brasileiro, o Ipen constr\u00f3i o Reator Multiprop\u00f3sito Brasileiro (RMB).<\/p>\n<p>A infraestrutura do curso est\u00e1 sendo projetada, e estima-se que em 2013 as obras sejam iniciadas.<\/p>\n<p>A grade do curso tamb\u00e9m ainda est\u00e1 em fase de elabora\u00e7\u00e3o, mas j\u00e1 temos as diretrizes do tipo de profissional que o curso formar\u00e1. \u201cN\u00e3o vamos ensinar nossos alunos a fazer usinas, embora eles sejam capazes disso\u201d, disse Jos\u00e9 Roberto Castilho Piqueira, vice-diretor da Poli.<\/p>\n<p>O curso ser\u00e1 baseado em tr\u00eas pilares: o primeiro, da minera\u00e7\u00e3o e materiais, mostrar\u00e1 os processos de enriquecimento de ur\u00e2nio e outros elementos. O segundo \u00e9 a parte de inform\u00e1tica, j\u00e1 que a engenharia nuclear requer uma engenharia computacional bastante sofisticada para se desenvolver. Por \u00faltimo, a parte mais evidente, que \u00e9 a energ\u00e9tica. Al\u00e9m disso, os primeiros anos reservam um ciclo b\u00e1sico de c\u00e1lculo, f\u00edsica e qu\u00edmica comum aos outros estudantes da Poli.<\/p>\n<p>\u201cEstamos conversando com professores da Poli, pesquisadores do Ipen e especialistas da Marinha sobre a melhor forma de habilitarmos nossos alunos. O processo ainda est\u00e1 sendo discutido\u201d, afirmou Piqueira.<\/p>\n<p>Mais informa\u00e7\u00f5es: <a href=\"http:\/\/www5.usp.br\/16556\/poli-planeja-curso-de-engenharia-nuclear-com-foco-no-crescimento-do-pais\/\" target=\"_blank\">www5.usp.br\/16556\/poli-planeja-curso-de-engenharia-nuclear-com-foco-no-crescimento-do-pais\/<\/a>.<\/p>\n","protected":false},"excerpt":{"rendered":"<p>Ag\u00eancia FAPESP \u2013 A Escola Polit\u00e9cnica (Poli) da Universidade de S\u00e3o Paulo (USP) est\u00e1 preparando um curso de engenharia nuclear, que ser\u00e1 realizado em parceria com o Instituto de Pesquisas Energ\u00e9ticas e Nucleares (Ipen) e a Marinha do Brasil. De acordo com a institui\u00e7\u00e3o, n\u00e3o h\u00e1 uma data definida para abertura do novo curso ou [&hellip;]<\/p>\n","protected":false},"author":3,"featured_media":34749,"comment_status":"open","ping_status":"closed","sticky":false,"template":"","format":"standard","meta":{"tdm_status":"","tdm_grid_status":"","footnotes":""},"categories":[22,370,295],"tags":[],"class_list":{"0":"post-40546","1":"post","2":"type-post","3":"status-publish","4":"format-standard","5":"has-post-thumbnail","7":"category-brasil","8":"category-inscricao","9":"category-vestibular"},"_links":{"self":[{"href":"https:\/\/migracao.redenoticia.com.br\/noticia\/wp-json\/wp\/v2\/posts\/40546","targetHints":{"allow":["GET"]}}],"collection":[{"href":"https:\/\/migracao.redenoticia.com.br\/noticia\/wp-json\/wp\/v2\/posts"}],"about":[{"href":"https:\/\/migracao.redenoticia.com.br\/noticia\/wp-json\/wp\/v2\/types\/post"}],"author":[{"embeddable":true,"href":"https:\/\/migracao.redenoticia.com.br\/noticia\/wp-json\/wp\/v2\/users\/3"}],"replies":[{"embeddable":true,"href":"https:\/\/migracao.redenoticia.com.br\/noticia\/wp-json\/wp\/v2\/comments?post=40546"}],"version-history":[{"count":0,"href":"https:\/\/migracao.redenoticia.com.br\/noticia\/wp-json\/wp\/v2\/posts\/40546\/revisions"}],"wp:featuredmedia":[{"embeddable":true,"href":"https:\/\/migracao.redenoticia.com.br\/noticia\/wp-json\/wp\/v2\/media\/34749"}],"wp:attachment":[{"href":"https:\/\/migracao.redenoticia.com.br\/noticia\/wp-json\/wp\/v2\/media?parent=40546"}],"wp:term":[{"taxonomy":"category","embeddable":true,"href":"https:\/\/migracao.redenoticia.com.br\/noticia\/wp-json\/wp\/v2\/categories?post=40546"},{"taxonomy":"post_tag","embeddable":true,"href":"https:\/\/migracao.redenoticia.com.br\/noticia\/wp-json\/wp\/v2\/tags?post=40546"}],"curies":[{"name":"wp","href":"https:\/\/api.w.org\/{rel}","templated":true}]}}