{"id":40547,"date":"2012-09-05T17:53:11","date_gmt":"2012-09-05T20:53:11","guid":{"rendered":"http:\/\/www.redenoticia.com.br\/noticia\/?p=40547"},"modified":"2012-09-05T17:53:11","modified_gmt":"2012-09-05T20:53:11","slug":"alimentos-pressionaram-inflacao-em-agosto","status":"publish","type":"post","link":"https:\/\/migracao.redenoticia.com.br\/noticia\/2012\/alimentos-pressionaram-inflacao-em-agosto\/40547","title":{"rendered":"Alimentos pressionaram infla\u00e7\u00e3o em agosto"},"content":{"rendered":"<p>Rio de Janeiro \u2013 Os alimentos foram respons\u00e1veis por mais da metade do aumento do \u00cdndice Nacional de Pre\u00e7os ao Consumidor Amplo (IPCA) em agosto deste ano, que ficou em 0,41%. O tomate foi o item de maior impacto na <em><strong>infla\u00e7\u00e3o<\/strong><\/em> oficial, com uma alta de pre\u00e7os de 18,96% em agosto.<\/p>\n<p>\u201cOs alimentos continuam sendo pressionados tanto internamente, por conta da seca, quanto pelo aumento do pre\u00e7os internacionais de produtos como a soja, o trigo e o milho, devido a problemas clim\u00e1ticos nos Estados Unidos e na R\u00fassia\u201d, explicou a coordenadora de \u00cdndices de Pre\u00e7os do Instituto Brasileiro de Geografia e Estat\u00edstica (IBGE), Eulina Nunes.<\/p>\n<p>A alta nos pre\u00e7os internacionais dos tr\u00eas produtos provocou impacto direto no bolso do consumidor, por causa da alta do aumento do \u00f3leo de soja (1,25%) e farinha de trigo (1%). O maior impacto, no entanto, foi indireto, uma vez que a soja, o trigo e o milho s\u00e3o usados como ra\u00e7\u00e3o animal ou ingrediente para outros alimentos, tais como os ovos de galinha (3,92%), a carne de frango (1,35%), o macarr\u00e3o (1,22%) e o p\u00e3o franc\u00eas (0,88%).<\/p>\n<p>No ano, os alimentos acumulam infla\u00e7\u00e3o de 5,1%, taxa bem superior aos 3,51% registrados no mesmo per\u00edodo do ano passado.<\/p>\n<p>Os servi\u00e7os tamb\u00e9m t\u00eam influenciado fortemente a infla\u00e7\u00e3o oficial. Entre os principais impactos, nos oito primeiros meses do ano, est\u00e3o o aumento do custo dos empregados dom\u00e9sticos (9,9%), refei\u00e7\u00e3o fora de casa (5,31%) e aluguel residencial (6,85%). Segundo Eulina Nunes, o aumento da renda e a amplia\u00e7\u00e3o do mercado de trabalho resultam em maior demanda por servi\u00e7os.<\/p>\n<p>Segundo o IBGE, as taxas de infla\u00e7\u00e3o apresentadas pelas demais classes de despesas em agosto foram: habita\u00e7\u00e3o (0,22%), artigos de resid\u00eancia (0,4%), vestu\u00e1rio (0,19%), transportes (0,06%), sa\u00fade e cuidados pessoais (0,53%), despesas pessoais (0,42%) e educa\u00e7\u00e3o (0,51%).<\/p>\n<p>Vitor Abdala<br \/>\nRep\u00f3rter da Ag\u00eancia Brasil<br \/>\nEdi\u00e7\u00e3o: Beto Coura<\/p>\n","protected":false},"excerpt":{"rendered":"<p>Rio de Janeiro \u2013 Os alimentos foram respons\u00e1veis por mais da metade do aumento do \u00cdndice Nacional de Pre\u00e7os ao Consumidor Amplo (IPCA) em agosto deste ano, que ficou em 0,41%. O tomate foi o item de maior impacto na infla\u00e7\u00e3o oficial, com uma alta de pre\u00e7os de 18,96% em agosto. \u201cOs alimentos continuam sendo [&hellip;]<\/p>\n","protected":false},"author":3,"featured_media":34916,"comment_status":"open","ping_status":"closed","sticky":false,"template":"","format":"standard","meta":{"tdm_status":"","tdm_grid_status":"","footnotes":""},"categories":[22,7],"tags":[],"class_list":{"0":"post-40547","1":"post","2":"type-post","3":"status-publish","4":"format-standard","5":"has-post-thumbnail","7":"category-brasil","8":"category-economia"},"_links":{"self":[{"href":"https:\/\/migracao.redenoticia.com.br\/noticia\/wp-json\/wp\/v2\/posts\/40547","targetHints":{"allow":["GET"]}}],"collection":[{"href":"https:\/\/migracao.redenoticia.com.br\/noticia\/wp-json\/wp\/v2\/posts"}],"about":[{"href":"https:\/\/migracao.redenoticia.com.br\/noticia\/wp-json\/wp\/v2\/types\/post"}],"author":[{"embeddable":true,"href":"https:\/\/migracao.redenoticia.com.br\/noticia\/wp-json\/wp\/v2\/users\/3"}],"replies":[{"embeddable":true,"href":"https:\/\/migracao.redenoticia.com.br\/noticia\/wp-json\/wp\/v2\/comments?post=40547"}],"version-history":[{"count":0,"href":"https:\/\/migracao.redenoticia.com.br\/noticia\/wp-json\/wp\/v2\/posts\/40547\/revisions"}],"wp:featuredmedia":[{"embeddable":true,"href":"https:\/\/migracao.redenoticia.com.br\/noticia\/wp-json\/wp\/v2\/media\/34916"}],"wp:attachment":[{"href":"https:\/\/migracao.redenoticia.com.br\/noticia\/wp-json\/wp\/v2\/media?parent=40547"}],"wp:term":[{"taxonomy":"category","embeddable":true,"href":"https:\/\/migracao.redenoticia.com.br\/noticia\/wp-json\/wp\/v2\/categories?post=40547"},{"taxonomy":"post_tag","embeddable":true,"href":"https:\/\/migracao.redenoticia.com.br\/noticia\/wp-json\/wp\/v2\/tags?post=40547"}],"curies":[{"name":"wp","href":"https:\/\/api.w.org\/{rel}","templated":true}]}}