{"id":407,"date":"2009-04-11T09:49:00","date_gmt":"2009-04-11T13:49:00","guid":{"rendered":"http:\/\/www.redenoticia.com.br\/noticia\/?p=407"},"modified":"2009-04-12T23:37:45","modified_gmt":"2009-04-13T03:37:45","slug":"mda-regulariza-posses-em-rondonia","status":"publish","type":"post","link":"https:\/\/migracao.redenoticia.com.br\/noticia\/2009\/mda-regulariza-posses-em-rondonia\/407","title":{"rendered":"MDA regulariza posses em Rond\u00f4nia"},"content":{"rendered":"<p style=\"MARGIN: 0cm 0cm 0pt; mso-line-height-alt: 11.25pt\">\n<p style=\"MARGIN: 5.25pt 0cm; LINE-HEIGHT: 11.25pt; TEXT-ALIGN: justify\">\n<p><img loading=\"lazy\" decoding=\"async\" class=\"alignleft\" src=\"http:\/\/farm4.static.flickr.com\/3643\/3431231809_02c67a5caf_m.jpg\" alt=\"\" width=\"171\" height=\"240\" \/>O Governo Federal vai regularizar, nos pr\u00f3ximos tr\u00eas anos, 296 mil posses na <a href=\"http:\/\/www.mda.gov.br\/arquivos\/1726919811.pdf\" target=\"_blank\">Amaz\u00f4nia Legal<\/a>. Ser\u00e3o titulados im\u00f3veis rurais de at\u00e9 15 m\u00f3dulos fiscais (com, no m\u00e1ximo, 1.500 hectares) cujas posses sejam anteriores a dezembro de 2004. O processo, conduzido pelo Minist\u00e9rio do Desenvolvimento Agr\u00e1rio (MDA), em parceria com os estados da regi\u00e3o, envolve uma \u00e1rea de 67,4 milh\u00f5es de hectares.<\/p>\n<p style=\"MARGIN: 5.25pt 0cm; LINE-HEIGHT: 11.25pt; TEXT-ALIGN: justify\">No caso das \u00e1reas de at\u00e9 um m\u00f3dulo fiscal (um m\u00f3dulo tem, em m\u00e9dia, 76 hectares), a titula\u00e7\u00e3o ser\u00e1 gratuita e o processo dever\u00e1 ser conclu\u00eddo entre 60 e 120 dias, a partir do cadastramento da posse.<\/p>\n<p style=\"MARGIN: 5.25pt 0cm; LINE-HEIGHT: 11.25pt; TEXT-ALIGN: justify\">Ser\u00e1 exigido o cumprimento da legisla\u00e7\u00e3o ambiental, com a preserva\u00e7\u00e3o de 80% da \u00e1rea nativa. As \u00e1reas tituladas n\u00e3o poder\u00e3o ser vendidas dentro de um prazo de dez anos, mas servem como garantia para financiamentos junto a institui\u00e7\u00f5es financeiras.<\/p>\n<p style=\"MARGIN: 0cm 0cm 0pt; mso-margin-top-alt: auto; mso-margin-bottom-alt: auto\">Em Rond\u00f4nia o Incra come\u00e7ou a cadastrar e medir as propriedades. A previs\u00e3o \u00e9 de que os primeiros t\u00edtulos definitivos na gleba de Cachoeirinha, em Itapu\u00e3 do Oeste, sejam entregues em junho.<\/p>\n<p style=\"MARGIN: 0cm 0cm 0pt; mso-margin-top-alt: auto; mso-margin-bottom-alt: auto\">O programa s\u00f3 garantir\u00e1 a titula\u00e7\u00e3o em \u00e1reas de lit\u00edgio depois que eles estiverem resolvidos na justi\u00e7a.<\/p>\n<p style=\"MARGIN: 0cm 0cm 0pt; mso-margin-top-alt: auto; mso-margin-bottom-alt: auto\">Fonte MDA e INCRA<\/p>\n","protected":false},"excerpt":{"rendered":"<p>O Governo Federal vai regularizar, nos pr\u00f3ximos tr\u00eas anos, 296 mil posses na Amaz\u00f4nia Legal. Ser\u00e3o titulados im\u00f3veis rurais de at\u00e9 15 m\u00f3dulos fiscais (com, no m\u00e1ximo, 1.500 hectares) cujas posses sejam anteriores a dezembro de 2004. O processo, conduzido pelo Minist\u00e9rio do Desenvolvimento Agr\u00e1rio (MDA), em parceria com os estados da regi\u00e3o, envolve uma [&hellip;]<\/p>\n","protected":false},"author":2,"featured_media":0,"comment_status":"open","ping_status":"open","sticky":false,"template":"","format":"standard","meta":{"tdm_status":"","tdm_grid_status":"","footnotes":""},"categories":[22],"tags":[],"class_list":{"0":"post-407","1":"post","2":"type-post","3":"status-publish","4":"format-standard","6":"category-brasil"},"_links":{"self":[{"href":"https:\/\/migracao.redenoticia.com.br\/noticia\/wp-json\/wp\/v2\/posts\/407","targetHints":{"allow":["GET"]}}],"collection":[{"href":"https:\/\/migracao.redenoticia.com.br\/noticia\/wp-json\/wp\/v2\/posts"}],"about":[{"href":"https:\/\/migracao.redenoticia.com.br\/noticia\/wp-json\/wp\/v2\/types\/post"}],"author":[{"embeddable":true,"href":"https:\/\/migracao.redenoticia.com.br\/noticia\/wp-json\/wp\/v2\/users\/2"}],"replies":[{"embeddable":true,"href":"https:\/\/migracao.redenoticia.com.br\/noticia\/wp-json\/wp\/v2\/comments?post=407"}],"version-history":[{"count":0,"href":"https:\/\/migracao.redenoticia.com.br\/noticia\/wp-json\/wp\/v2\/posts\/407\/revisions"}],"wp:attachment":[{"href":"https:\/\/migracao.redenoticia.com.br\/noticia\/wp-json\/wp\/v2\/media?parent=407"}],"wp:term":[{"taxonomy":"category","embeddable":true,"href":"https:\/\/migracao.redenoticia.com.br\/noticia\/wp-json\/wp\/v2\/categories?post=407"},{"taxonomy":"post_tag","embeddable":true,"href":"https:\/\/migracao.redenoticia.com.br\/noticia\/wp-json\/wp\/v2\/tags?post=407"}],"curies":[{"name":"wp","href":"https:\/\/api.w.org\/{rel}","templated":true}]}}