{"id":4070,"date":"2009-06-29T08:17:28","date_gmt":"2009-06-29T12:17:28","guid":{"rendered":"http:\/\/www.redenoticia.com.br\/noticia\/?p=4070"},"modified":"2009-06-29T08:17:28","modified_gmt":"2009-06-29T12:17:28","slug":"chuvas-diminuem-no-sudeste-centro-oeste-norte-e-nordeste-do-pais","status":"publish","type":"post","link":"https:\/\/migracao.redenoticia.com.br\/noticia\/2009\/chuvas-diminuem-no-sudeste-centro-oeste-norte-e-nordeste-do-pais\/4070","title":{"rendered":"Chuvas diminuem no Sudeste, Centro-Oeste, Norte e Nordeste do Pa\u00eds"},"content":{"rendered":"<p>Nesta segunda-feira um ciclone extratropical forma-se sobre o oceano e o reflexo disso ser\u00e1 o avan\u00e7o de uma frente fria sobre o Sul do pa\u00eds, que provocar\u00e1 intensos temporais acompanhados de trovoadas, queda de granizo e rajadas de vento entre 70 e 90km\/h no Rio Grande do Sul, boa parte de Santa Catarina e sudoeste do Paran\u00e1.<\/p>\n<p>De acordo com os meteorologistas da Somar, o acumulado ser\u00e1 elevado, variando entre 45 e 60mm em 24 horas, em toda a metade norte do Estado ga\u00facho e oeste catarinense, principalmente. Com o aumento da nebulosidade e as chuvas, as temperaturas ficam mais baixas no meio-sul do Rio Grande do Sul. J\u00e1 no noroeste do Paran\u00e1 faz calor com m\u00e1ximas entre 23 e 26\u00b0C.<\/p>\n<p>Na Regi\u00e3o Norte, chove no norte de Rond\u00f4nia, oeste do Acre, Amazonas, Roraima, boa parte do Par\u00e1, Roraima e norte do Amazonas, no entanto, n\u00e3o h\u00e1 previs\u00e3o de grandes acumulados. Mesmo com as chuvas, o calor prossegue em todos os Estados.<\/p>\n<p>No Sudeste, as \u00e1reas instabilidades vindas do mar provocam chuvas em pontos isolados do norte Esp\u00edrito Santo. Nas demais \u00e1reas da Regi\u00e3o o sol aparece, mesmo que entre nuvens. As temperaturas voltam a ficar entre 23 e 26\u00b0C na maior parte dos Estados, com exce\u00e7\u00e3o do sul de Minas e faixa leste de S\u00e3o Paulo, onde as m\u00e1ximas ficam entre 20 e 22\u00b0C.<\/p>\n<p>A chegada de uma nova frente fria provoca pancadas isoladas de chuva apenas no sudoeste e sul de Mato Grosso do Sul. Nas demais localidades do Centro-Oeste o tempo segue seco e a sensa\u00e7\u00e3o de calor ainda predomina em todos os Estados.<\/p>\n<p>No Nordeste, as chuvas com baixo acumulado atingem o sul da Bahia, al\u00e9m de toda a faixa litor\u00e2nea nordestina. O calor prossegue em praticamente todo a Regi\u00e3o, com exce\u00e7\u00e3o do extremo sul da Bahia que ainda registrar\u00e1 temperaturas mais baixas devido a maior quantidade de nuvens.<\/p>\n<p>Litoral<br \/>\nOs meteorologistas alertam para a previs\u00e3o de mar agitado no litoral do Sul e Sudeste, com risco de ressacas no Rio de Janeiro.<\/p>\n","protected":false},"excerpt":{"rendered":"<p>Nesta segunda-feira um ciclone extratropical forma-se sobre o oceano e o reflexo disso ser\u00e1 o avan\u00e7o de uma frente fria sobre o Sul do pa\u00eds, que provocar\u00e1 intensos temporais acompanhados de trovoadas, queda de granizo e rajadas de vento entre 70 e 90km\/h no Rio Grande do Sul, boa parte de Santa Catarina e sudoeste [&hellip;]<\/p>\n","protected":false},"author":3,"featured_media":0,"comment_status":"open","ping_status":"open","sticky":false,"template":"","format":"standard","meta":{"tdm_status":"","tdm_grid_status":"","footnotes":""},"categories":[22],"tags":[],"class_list":{"0":"post-4070","1":"post","2":"type-post","3":"status-publish","4":"format-standard","6":"category-brasil"},"_links":{"self":[{"href":"https:\/\/migracao.redenoticia.com.br\/noticia\/wp-json\/wp\/v2\/posts\/4070","targetHints":{"allow":["GET"]}}],"collection":[{"href":"https:\/\/migracao.redenoticia.com.br\/noticia\/wp-json\/wp\/v2\/posts"}],"about":[{"href":"https:\/\/migracao.redenoticia.com.br\/noticia\/wp-json\/wp\/v2\/types\/post"}],"author":[{"embeddable":true,"href":"https:\/\/migracao.redenoticia.com.br\/noticia\/wp-json\/wp\/v2\/users\/3"}],"replies":[{"embeddable":true,"href":"https:\/\/migracao.redenoticia.com.br\/noticia\/wp-json\/wp\/v2\/comments?post=4070"}],"version-history":[{"count":0,"href":"https:\/\/migracao.redenoticia.com.br\/noticia\/wp-json\/wp\/v2\/posts\/4070\/revisions"}],"wp:attachment":[{"href":"https:\/\/migracao.redenoticia.com.br\/noticia\/wp-json\/wp\/v2\/media?parent=4070"}],"wp:term":[{"taxonomy":"category","embeddable":true,"href":"https:\/\/migracao.redenoticia.com.br\/noticia\/wp-json\/wp\/v2\/categories?post=4070"},{"taxonomy":"post_tag","embeddable":true,"href":"https:\/\/migracao.redenoticia.com.br\/noticia\/wp-json\/wp\/v2\/tags?post=4070"}],"curies":[{"name":"wp","href":"https:\/\/api.w.org\/{rel}","templated":true}]}}