{"id":40712,"date":"2012-09-17T10:03:12","date_gmt":"2012-09-17T13:03:12","guid":{"rendered":"http:\/\/www.redenoticia.com.br\/noticia\/?p=40712"},"modified":"2012-09-17T10:03:12","modified_gmt":"2012-09-17T13:03:12","slug":"greve-dos-professores-esta-encerrada","status":"publish","type":"post","link":"https:\/\/migracao.redenoticia.com.br\/noticia\/2012\/greve-dos-professores-esta-encerrada\/40712","title":{"rendered":"Greve dos professores est\u00e1 encerrada"},"content":{"rendered":"<p>Bras\u00edlia \u2013 Depois de mais de 120 dias de greve, o Sindicato Nacional dos Docentes das Institui\u00e7\u00f5es de Ensino (Andes-SN) informou em nota ontem (16) que decidiu encerrar a <em><strong>paralisa\u00e7\u00e3o<\/strong><\/em> nacional de algumas <em><strong>universidades federais<\/strong> <\/em>que mantinham o movimento. No comunicado, o sindicato explicou que a decis\u00e3o foi tomada \u201cap\u00f3s avalia\u00e7\u00e3o criteriosa do quadro de assembleias gerais\u201d. As comunica\u00e7\u00f5es para as universidades sobre o fim da greve come\u00e7am a ser feitas hoje (17).<\/p>\n<p>De acordo com a nota, ao longo desta semana as institui\u00e7\u00f5es ser\u00e3o comunicadas, pois por determina\u00e7\u00e3o do Minist\u00e9rio da Educa\u00e7\u00e3o o per\u00edodo da greve deve ser reposto de forma completa. Cada institui\u00e7\u00e3o tem autonomia para organizar o calend\u00e1rio de reposi\u00e7\u00e3o, mas as aulas devem prosseguir at\u00e9 2013.<\/p>\n<p>Em julho, o movimento grevista chegou a atingir 56 das 59 universidades federais, al\u00e9m de 34 institutos federais de Educa\u00e7\u00e3o Tecnol\u00f3gica. Os professores reivindicavam a reestrutura\u00e7\u00e3o da carreira e melhores condi\u00e7\u00f5es de infraestrutura nas institui\u00e7\u00f5es, al\u00e9m de melhorias salariais.<\/p>\n<p>Renata Giraldi*<br \/>\nRep\u00f3rter da Ag\u00eancia Brasil<br \/>\n*Com informa\u00e7\u00f5es da TV Brasil\/\/Edi\u00e7\u00e3o: Gra\u00e7a Adjuto<\/p>\n","protected":false},"excerpt":{"rendered":"<p>Bras\u00edlia \u2013 Depois de mais de 120 dias de greve, o Sindicato Nacional dos Docentes das Institui\u00e7\u00f5es de Ensino (Andes-SN) informou em nota ontem (16) que decidiu encerrar a paralisa\u00e7\u00e3o nacional de algumas universidades federais que mantinham o movimento. No comunicado, o sindicato explicou que a decis\u00e3o foi tomada \u201cap\u00f3s avalia\u00e7\u00e3o criteriosa do quadro de [&hellip;]<\/p>\n","protected":false},"author":3,"featured_media":36241,"comment_status":"open","ping_status":"closed","sticky":false,"template":"","format":"standard","meta":{"tdm_status":"","tdm_grid_status":"","footnotes":""},"categories":[22],"tags":[],"class_list":{"0":"post-40712","1":"post","2":"type-post","3":"status-publish","4":"format-standard","5":"has-post-thumbnail","7":"category-brasil"},"_links":{"self":[{"href":"https:\/\/migracao.redenoticia.com.br\/noticia\/wp-json\/wp\/v2\/posts\/40712","targetHints":{"allow":["GET"]}}],"collection":[{"href":"https:\/\/migracao.redenoticia.com.br\/noticia\/wp-json\/wp\/v2\/posts"}],"about":[{"href":"https:\/\/migracao.redenoticia.com.br\/noticia\/wp-json\/wp\/v2\/types\/post"}],"author":[{"embeddable":true,"href":"https:\/\/migracao.redenoticia.com.br\/noticia\/wp-json\/wp\/v2\/users\/3"}],"replies":[{"embeddable":true,"href":"https:\/\/migracao.redenoticia.com.br\/noticia\/wp-json\/wp\/v2\/comments?post=40712"}],"version-history":[{"count":0,"href":"https:\/\/migracao.redenoticia.com.br\/noticia\/wp-json\/wp\/v2\/posts\/40712\/revisions"}],"wp:featuredmedia":[{"embeddable":true,"href":"https:\/\/migracao.redenoticia.com.br\/noticia\/wp-json\/wp\/v2\/media\/36241"}],"wp:attachment":[{"href":"https:\/\/migracao.redenoticia.com.br\/noticia\/wp-json\/wp\/v2\/media?parent=40712"}],"wp:term":[{"taxonomy":"category","embeddable":true,"href":"https:\/\/migracao.redenoticia.com.br\/noticia\/wp-json\/wp\/v2\/categories?post=40712"},{"taxonomy":"post_tag","embeddable":true,"href":"https:\/\/migracao.redenoticia.com.br\/noticia\/wp-json\/wp\/v2\/tags?post=40712"}],"curies":[{"name":"wp","href":"https:\/\/api.w.org\/{rel}","templated":true}]}}