{"id":40716,"date":"2012-09-17T10:12:06","date_gmt":"2012-09-17T13:12:06","guid":{"rendered":"http:\/\/www.redenoticia.com.br\/noticia\/?p=40716"},"modified":"2012-09-17T10:12:06","modified_gmt":"2012-09-17T13:12:06","slug":"chuvas-retornam-ao-sudeste-e-centro-oeste-a-partir-de-quarta-feira","status":"publish","type":"post","link":"https:\/\/migracao.redenoticia.com.br\/noticia\/2012\/chuvas-retornam-ao-sudeste-e-centro-oeste-a-partir-de-quarta-feira\/40716","title":{"rendered":"Chuvas retornam ao Sudeste e Centro-oeste a partir de quarta-feira"},"content":{"rendered":"<p>Segundo previs\u00e3o da Somar, nuvens carregadas causam<em><strong> temporais com potencial para alagamentos<\/strong><\/em> em todo o centro, sul, oeste e leste do Rio Grande do Sul, al\u00e9m do extremo sul de Santa Catarina nesta segunda-feira. As chuvas mais intensas atingem preferencialmente o sul do Estado ga\u00facho, por\u00e9m tamb\u00e9m h\u00e1 risco de alagamentos em Porto Alegre hoje.<\/p>\n<p>Amanh\u00e3 deve ser o pior dia dos temporais no Estado ga\u00facho. De acordo com os meteorologistas da Somar esperam-se acumulados pr\u00f3ximos dos 100mm em v\u00e1rios munic\u00edpios do centro, oeste e sul do Rio Grande do Sul, aumentando potencial para inunda\u00e7\u00f5es.<\/p>\n<p>Chuva forte come\u00e7a a se espalhar pelo Brasil a partir de quarta-feira<br \/>\nDe acordo com o meteorologista Celso Oliveira, a partir da quarta-feira come\u00e7a o per\u00edodo das \u00e1guas no Sudeste e no Centro-Oeste. Uma frente fria bem organizada causa chuva intensa e generalizada no Rio Grande do Sul, Santa Catarina, Paran\u00e1, oeste de S\u00e3o Paulo e Mato Grosso do Sul. Os meteorologistas alertam para o risco de alagamentos em Campo Grande, Florian\u00f3polis e Porto Alegre.<\/p>\n<p>Na quinta-feira a chuva forte passa a atingir boa parte dos Estados de Mato Grosso do Sul e de S\u00e3o Paulo, al\u00e9m do noroeste do Paran\u00e1 e sul de Goi\u00e1s. Entre as Capitais, o risco de chuva forte \u00e9 maior em Campo Grande.<\/p>\n","protected":false},"excerpt":{"rendered":"<p>Segundo previs\u00e3o da Somar, nuvens carregadas causam temporais com potencial para alagamentos em todo o centro, sul, oeste e leste do Rio Grande do Sul, al\u00e9m do extremo sul de Santa Catarina nesta segunda-feira. As chuvas mais intensas atingem preferencialmente o sul do Estado ga\u00facho, por\u00e9m tamb\u00e9m h\u00e1 risco de alagamentos em Porto Alegre hoje. [&hellip;]<\/p>\n","protected":false},"author":3,"featured_media":28410,"comment_status":"open","ping_status":"closed","sticky":false,"template":"","format":"standard","meta":{"tdm_status":"","tdm_grid_status":"","footnotes":""},"categories":[22,327,376],"tags":[],"class_list":{"0":"post-40716","1":"post","2":"type-post","3":"status-publish","4":"format-standard","5":"has-post-thumbnail","7":"category-brasil","8":"category-clima","9":"category-clima-brasil"},"_links":{"self":[{"href":"https:\/\/migracao.redenoticia.com.br\/noticia\/wp-json\/wp\/v2\/posts\/40716","targetHints":{"allow":["GET"]}}],"collection":[{"href":"https:\/\/migracao.redenoticia.com.br\/noticia\/wp-json\/wp\/v2\/posts"}],"about":[{"href":"https:\/\/migracao.redenoticia.com.br\/noticia\/wp-json\/wp\/v2\/types\/post"}],"author":[{"embeddable":true,"href":"https:\/\/migracao.redenoticia.com.br\/noticia\/wp-json\/wp\/v2\/users\/3"}],"replies":[{"embeddable":true,"href":"https:\/\/migracao.redenoticia.com.br\/noticia\/wp-json\/wp\/v2\/comments?post=40716"}],"version-history":[{"count":0,"href":"https:\/\/migracao.redenoticia.com.br\/noticia\/wp-json\/wp\/v2\/posts\/40716\/revisions"}],"wp:featuredmedia":[{"embeddable":true,"href":"https:\/\/migracao.redenoticia.com.br\/noticia\/wp-json\/wp\/v2\/media\/28410"}],"wp:attachment":[{"href":"https:\/\/migracao.redenoticia.com.br\/noticia\/wp-json\/wp\/v2\/media?parent=40716"}],"wp:term":[{"taxonomy":"category","embeddable":true,"href":"https:\/\/migracao.redenoticia.com.br\/noticia\/wp-json\/wp\/v2\/categories?post=40716"},{"taxonomy":"post_tag","embeddable":true,"href":"https:\/\/migracao.redenoticia.com.br\/noticia\/wp-json\/wp\/v2\/tags?post=40716"}],"curies":[{"name":"wp","href":"https:\/\/api.w.org\/{rel}","templated":true}]}}