{"id":40718,"date":"2012-09-17T13:31:28","date_gmt":"2012-09-17T16:31:28","guid":{"rendered":"http:\/\/www.redenoticia.com.br\/noticia\/?p=40718"},"modified":"2012-09-18T19:54:29","modified_gmt":"2012-09-18T22:54:29","slug":"comecam-as-inscricoes-para-o-vestibular-unesp","status":"publish","type":"post","link":"https:\/\/migracao.redenoticia.com.br\/noticia\/2012\/comecam-as-inscricoes-para-o-vestibular-unesp\/40718","title":{"rendered":"Come\u00e7am as inscri\u00e7\u00f5es para o vestibular Unesp"},"content":{"rendered":"<p><em><strong>Vestibular 2013 da Unesp<\/strong><\/em> &#8211; come\u00e7aram as inscri\u00e7\u00f5es para o vestibular 2013 da Unesp. A taxa \u00e9 de R$ 130. Ao todo, ser\u00e3o disponibilizadas 7.014 vagas (385 a mais que em 2012) entre os 165 cursos de 19 munic\u00edpios.<\/p>\n<p>A prova vestibular 2013 da Unesp, organizada pela Funda\u00e7\u00e3o Vunesp (Funda\u00e7\u00e3o Universit\u00e1ria para o Vestibular), ter\u00e1 a primeira fase no dia 18 de novembro. A segunda fase ser\u00e1 nos dias 16 e 17 de dezembro. A Unesp vai aceitar apenas a nota do Enem 2012 para compor a classifica\u00e7\u00e3o dos candidatos.<\/p>\n<p>Mais informa\u00e7\u00f5es vestibular 2013 da Unesp\u00a0no site\u00a0<a href=\"http:\/\/vestibular.unesp.br\/\" target=\"_blank\">http:\/\/vestibular.unesp.br<\/a>.<\/p>\n<p>Do Portal do Governo do Estado<\/p>\n<p>17\/09\/2012 a 11\/10\/2012 &#8211; Inscri\u00e7\u00f5es.<\/p>\n<p>18\/11\/2012 &#8211; Provas da 1\u00aa Fase.<\/p>\n<p>04\/12\/2012 &#8211; Divulga\u00e7\u00e3o da lista de convocados para a segunda fase vestibular 2013 da Unesp.<\/p>\n<p>16 a 17\/12\/2012 &#8211; Provas da 2\u00aa Fase.<\/p>\n<p>Entre os dias<br \/>\n09 e 15\/12\/2012 &#8211; Provas de habilidades: Cursos da capital e de Bauru.<\/p>\n<p>28\/01\/2013 &#8211; Divulga\u00e7\u00e3o dos resultados.<\/p>\n<p>05 e 06\/02\/2013 &#8211; Matr\u00edcula dos convocados.<\/p>\n<p>Mensagem do Blog &#8211; Agora, o Vestibular de 2013<br \/>\nPara os candidatos, a participa\u00e7\u00e3o num exame vestibular \u00e9 um momento \u00fanico, de grande tens\u00e3o, causada pela responsabilidade em apresentar desempenho suficiente para a obten\u00e7\u00e3o de sua vaga. Para a universidade, cada vestibular \u00e9 tamb\u00e9m um momento \u00fanico e de grande tens\u00e3o, pois tudo tem de transcorrer de acordo com o previsto, sem quaisquer deslizes que possam prejudicar os candidatos. Assim, se os candidatos se aplicam com toda a sua determina\u00e7\u00e3o e capacidade durante a prepara\u00e7\u00e3o e no momento das provas, os profissionais da universidade envolvidos na organiza\u00e7\u00e3o, elabora\u00e7\u00e3o e aplica\u00e7\u00e3o dos exames se dedicam durante meses a um trabalho que, simplesmente, n\u00e3o pode apresentar falhas.<\/p>\n<p>\u00c9 o que se verifica no texto da Resolu\u00e7\u00e3o Unesp n\u00famero 86, de 4 de julho de 2012, que estabeleceu as normas a serem seguidas no Concurso Vestibular Unesp de 2013. Essas normas, em seu conjunto, revelam o esmero que tem a institui\u00e7\u00e3o Unesp com seus vestibulares: tudo tem de estar perfeito o tempo todo. Consulte o Manual do Candidato sob esta perspectiva, para verificar a extrema aten\u00e7\u00e3o dedicada pela institui\u00e7\u00e3o aos exames, aten\u00e7\u00e3o cujos objetivos, na verdade, est\u00e3o voltados inteiramente para voc\u00ea, candidato.<\/p>\n<p>Vale observar, a este respeito, a grande oferta de cursos e vagas para o Vestibular 2013. A Unesp vem apresentando grande desenvolvimento nos \u00faltimos trinta anos, o que \u00e9 demonstrado por possuir hoje unidades localizadas em 24 cidades do Estado de S\u00e3o Paulo, com 34 faculdades e institutos, em que se oferecem 179 cursos de gradua\u00e7\u00e3o (46.634 alunos) e 118 programas de p\u00f3s-gradua\u00e7\u00e3o (10.705 alunos). Estes n\u00fameros, por si s\u00f3s, revelam a magn\u00edfica dimens\u00e3o atingida pela Universidade desde a sua funda\u00e7\u00e3o, em 1976. Por tudo isso a Unesp p\u00f4de oferecer, em seu Vestibular Meio de Ano, 465 vagas, e agora, no de 2013, a ser realizado no final deste ano, 7.014 vagas, com um aumento de 385 vagas em rela\u00e7\u00e3o ao vestibular anterior. Ser\u00e3o 165 op\u00e7\u00f5es de cursos, distribu\u00eddos por unidades localizadas em 19 munic\u00edpios do Estado de S\u00e3o Paulo.<\/p>\n<p>As inscri\u00e7\u00f5es para esse vestibular estar\u00e3o abertas de 17 de setembro a 11 de outubro, e o n\u00famero de inscritos, como sempre, dever\u00e1 superar todas as expectativas. A primeira fase dos exames ser\u00e1 realizada no dia 18 de novembro; a segunda, nos dias 16 e 17 de dezembro.<\/p>\n<p>Orgulhosos deste desempenho, esperamos que voc\u00ea, vestibulando, consiga sua aprova\u00e7\u00e3o no Vestibular 2013 e venha participar de uma das universidades brasileiras de maior qualidade e conceito em termos de ensino, pesquisa e extens\u00e3o em nosso pa\u00eds.<\/p>\n","protected":false},"excerpt":{"rendered":"<p>Vestibular 2013 da Unesp &#8211; come\u00e7aram as inscri\u00e7\u00f5es para o vestibular 2013 da Unesp. A taxa \u00e9 de R$ 130. Ao todo, ser\u00e3o disponibilizadas 7.014 vagas (385 a mais que em 2012) entre os 165 cursos de 19 munic\u00edpios. A prova vestibular 2013 da Unesp, organizada pela Funda\u00e7\u00e3o Vunesp (Funda\u00e7\u00e3o Universit\u00e1ria para o Vestibular), ter\u00e1 [&hellip;]<\/p>\n","protected":false},"author":3,"featured_media":34896,"comment_status":"open","ping_status":"closed","sticky":false,"template":"","format":"standard","meta":{"tdm_status":"","tdm_grid_status":"","footnotes":""},"categories":[22,370,295],"tags":[],"class_list":{"0":"post-40718","1":"post","2":"type-post","3":"status-publish","4":"format-standard","5":"has-post-thumbnail","7":"category-brasil","8":"category-inscricao","9":"category-vestibular"},"_links":{"self":[{"href":"https:\/\/migracao.redenoticia.com.br\/noticia\/wp-json\/wp\/v2\/posts\/40718","targetHints":{"allow":["GET"]}}],"collection":[{"href":"https:\/\/migracao.redenoticia.com.br\/noticia\/wp-json\/wp\/v2\/posts"}],"about":[{"href":"https:\/\/migracao.redenoticia.com.br\/noticia\/wp-json\/wp\/v2\/types\/post"}],"author":[{"embeddable":true,"href":"https:\/\/migracao.redenoticia.com.br\/noticia\/wp-json\/wp\/v2\/users\/3"}],"replies":[{"embeddable":true,"href":"https:\/\/migracao.redenoticia.com.br\/noticia\/wp-json\/wp\/v2\/comments?post=40718"}],"version-history":[{"count":0,"href":"https:\/\/migracao.redenoticia.com.br\/noticia\/wp-json\/wp\/v2\/posts\/40718\/revisions"}],"wp:featuredmedia":[{"embeddable":true,"href":"https:\/\/migracao.redenoticia.com.br\/noticia\/wp-json\/wp\/v2\/media\/34896"}],"wp:attachment":[{"href":"https:\/\/migracao.redenoticia.com.br\/noticia\/wp-json\/wp\/v2\/media?parent=40718"}],"wp:term":[{"taxonomy":"category","embeddable":true,"href":"https:\/\/migracao.redenoticia.com.br\/noticia\/wp-json\/wp\/v2\/categories?post=40718"},{"taxonomy":"post_tag","embeddable":true,"href":"https:\/\/migracao.redenoticia.com.br\/noticia\/wp-json\/wp\/v2\/tags?post=40718"}],"curies":[{"name":"wp","href":"https:\/\/api.w.org\/{rel}","templated":true}]}}