{"id":40731,"date":"2012-09-18T13:52:38","date_gmt":"2012-09-18T16:52:38","guid":{"rendered":"http:\/\/www.redenoticia.com.br\/noticia\/?p=40731"},"modified":"2012-09-18T13:52:38","modified_gmt":"2012-09-18T16:52:38","slug":"chuvas-avancam-pelo-brasil-a-partir-desta-quarta-feira","status":"publish","type":"post","link":"https:\/\/migracao.redenoticia.com.br\/noticia\/2012\/chuvas-avancam-pelo-brasil-a-partir-desta-quarta-feira\/40731","title":{"rendered":"Chuvas avan\u00e7am pelo Brasil a partir desta quarta-feira"},"content":{"rendered":"<p>Depois de um m\u00eas de agosto com as frentes frias presas no Sul do Brasil e <em><strong>tempo<\/strong><\/em> muito seco e quente no interior do pa\u00eds &#8211; por conta do comportamento do Oceano Pac\u00edfico Sul, conhecido como bloqueio atmosf\u00e9rico, e este ano fortalecido pelo fen\u00f4meno El Ni\u00f1o &#8211; as condi\u00e7\u00f5es come\u00e7am a mudar com a proximidade da Primavera, que tem in\u00edcio no pr\u00f3ximo s\u00e1bado, dia 22.<\/p>\n<p>A partir de agora, o foco das not\u00edcias come\u00e7a a ser outro: ao inv\u00e9s de tempo seco, baixos \u00edndices de umidade relativa do ar e queimadas, a popula\u00e7\u00e3o vai enfrentar problemas relacionados com as chuvas, como alagamentos e deslizamentos.<\/p>\n<p>Desde s\u00e1bado chove no Rio Grande do Sul e de ontem para hoje os temporais se intensificaram. A partir de amanh\u00e3, as chuvas avan\u00e7am para outros Estados, anunciando a chegada da Primavera. Segundo previs\u00e3o da Somar Meteorologia, nesta quarta-feira chove no Rio Grande do Sul, Santa Catarina, Paran\u00e1, oeste de S\u00e3o Paulo e Mato Grosso do Sul, inclusive com risco de alagamentos em algumas cidades.<\/p>\n<p>Na quinta-feira, a chuva forte passa a atingir boa parte dos Estados de Mato Grosso do Sul e de S\u00e3o Paulo, al\u00e9m do noroeste do Paran\u00e1 e sul de Goi\u00e1s, com risco de alagamentos em Campo Grande. Na sexta-feira, a frente fria estaciona sobre as Regi\u00f5es Sudeste e Centro-Oeste, causando chuva generalizada nas duas Regi\u00f5es.<\/p>\n","protected":false},"excerpt":{"rendered":"<p>Depois de um m\u00eas de agosto com as frentes frias presas no Sul do Brasil e tempo muito seco e quente no interior do pa\u00eds &#8211; por conta do comportamento do Oceano Pac\u00edfico Sul, conhecido como bloqueio atmosf\u00e9rico, e este ano fortalecido pelo fen\u00f4meno El Ni\u00f1o &#8211; as condi\u00e7\u00f5es come\u00e7am a mudar com a proximidade [&hellip;]<\/p>\n","protected":false},"author":3,"featured_media":28410,"comment_status":"open","ping_status":"closed","sticky":false,"template":"","format":"standard","meta":{"tdm_status":"","tdm_grid_status":"","footnotes":""},"categories":[22,327,376],"tags":[],"class_list":{"0":"post-40731","1":"post","2":"type-post","3":"status-publish","4":"format-standard","5":"has-post-thumbnail","7":"category-brasil","8":"category-clima","9":"category-clima-brasil"},"_links":{"self":[{"href":"https:\/\/migracao.redenoticia.com.br\/noticia\/wp-json\/wp\/v2\/posts\/40731","targetHints":{"allow":["GET"]}}],"collection":[{"href":"https:\/\/migracao.redenoticia.com.br\/noticia\/wp-json\/wp\/v2\/posts"}],"about":[{"href":"https:\/\/migracao.redenoticia.com.br\/noticia\/wp-json\/wp\/v2\/types\/post"}],"author":[{"embeddable":true,"href":"https:\/\/migracao.redenoticia.com.br\/noticia\/wp-json\/wp\/v2\/users\/3"}],"replies":[{"embeddable":true,"href":"https:\/\/migracao.redenoticia.com.br\/noticia\/wp-json\/wp\/v2\/comments?post=40731"}],"version-history":[{"count":0,"href":"https:\/\/migracao.redenoticia.com.br\/noticia\/wp-json\/wp\/v2\/posts\/40731\/revisions"}],"wp:featuredmedia":[{"embeddable":true,"href":"https:\/\/migracao.redenoticia.com.br\/noticia\/wp-json\/wp\/v2\/media\/28410"}],"wp:attachment":[{"href":"https:\/\/migracao.redenoticia.com.br\/noticia\/wp-json\/wp\/v2\/media?parent=40731"}],"wp:term":[{"taxonomy":"category","embeddable":true,"href":"https:\/\/migracao.redenoticia.com.br\/noticia\/wp-json\/wp\/v2\/categories?post=40731"},{"taxonomy":"post_tag","embeddable":true,"href":"https:\/\/migracao.redenoticia.com.br\/noticia\/wp-json\/wp\/v2\/tags?post=40731"}],"curies":[{"name":"wp","href":"https:\/\/api.w.org\/{rel}","templated":true}]}}