{"id":40746,"date":"2012-09-19T15:29:59","date_gmt":"2012-09-19T18:29:59","guid":{"rendered":"http:\/\/www.redenoticia.com.br\/noticia\/?p=40746"},"modified":"2012-09-19T15:29:59","modified_gmt":"2012-09-19T18:29:59","slug":"usp-adota-sistema-de-computacao-em-nuvem","status":"publish","type":"post","link":"https:\/\/migracao.redenoticia.com.br\/noticia\/2012\/usp-adota-sistema-de-computacao-em-nuvem\/40746","title":{"rendered":"USP adota sistema de computa\u00e7\u00e3o em nuvem"},"content":{"rendered":"<p>Rotina em universidades do exterior como Harvard, Stanford e Massachusetts Institute of Technology (MIT), o sistema de <em><strong>computa\u00e7\u00e3o em &#8220;nuvem<\/strong><\/em>&#8221; chegou \u00e0 USP. A Universidade de S\u00e3o Paulo ser\u00e1 a primeira universidade brasileira a utilizar intensiva e institucionalmente este sistema de computa\u00e7\u00e3o.<\/p>\n<p>Foram investidos cerca de R$ 200 milh\u00f5es oriundos do or\u00e7amento da institui\u00e7\u00e3o. O novo sistema, batizado de Cloud USP facilitar\u00e1 o acesso, armazenamento e processamento de informa\u00e7\u00f5es de docentes, alunos e funcion\u00e1rios<\/p>\n<p>Os principais benef\u00edcios da iniciativa s\u00e3o a economia de recursos e a visibilidade da pr\u00f3pria Universidade, que poder\u00e1 atender quest\u00f5es de sustentabilidade como obsolesc\u00eancia, lixo eletr\u00f4nico, energia, seguran\u00e7a digital e patrimonial, al\u00e9m de garantir c\u00f3pias de seguran\u00e7a de todos os processos.<\/p>\n<p>No armazenamento por nuvens, ao contr\u00e1rio do que acontece no armazenamento convencional, os arquivos n\u00e3o ficam concentrados em um \u00fanico servidor, garantindo mais seguran\u00e7a e velocidade na troca de informa\u00e7\u00f5es.<\/p>\n<p>Do Portal do Governo do Estado<\/p>\n","protected":false},"excerpt":{"rendered":"<p>Rotina em universidades do exterior como Harvard, Stanford e Massachusetts Institute of Technology (MIT), o sistema de computa\u00e7\u00e3o em &#8220;nuvem&#8221; chegou \u00e0 USP. A Universidade de S\u00e3o Paulo ser\u00e1 a primeira universidade brasileira a utilizar intensiva e institucionalmente este sistema de computa\u00e7\u00e3o. Foram investidos cerca de R$ 200 milh\u00f5es oriundos do or\u00e7amento da institui\u00e7\u00e3o. O [&hellip;]<\/p>\n","protected":false},"author":3,"featured_media":37419,"comment_status":"open","ping_status":"closed","sticky":false,"template":"","format":"standard","meta":{"tdm_status":"","tdm_grid_status":"","footnotes":""},"categories":[22],"tags":[],"class_list":{"0":"post-40746","1":"post","2":"type-post","3":"status-publish","4":"format-standard","5":"has-post-thumbnail","7":"category-brasil"},"_links":{"self":[{"href":"https:\/\/migracao.redenoticia.com.br\/noticia\/wp-json\/wp\/v2\/posts\/40746","targetHints":{"allow":["GET"]}}],"collection":[{"href":"https:\/\/migracao.redenoticia.com.br\/noticia\/wp-json\/wp\/v2\/posts"}],"about":[{"href":"https:\/\/migracao.redenoticia.com.br\/noticia\/wp-json\/wp\/v2\/types\/post"}],"author":[{"embeddable":true,"href":"https:\/\/migracao.redenoticia.com.br\/noticia\/wp-json\/wp\/v2\/users\/3"}],"replies":[{"embeddable":true,"href":"https:\/\/migracao.redenoticia.com.br\/noticia\/wp-json\/wp\/v2\/comments?post=40746"}],"version-history":[{"count":0,"href":"https:\/\/migracao.redenoticia.com.br\/noticia\/wp-json\/wp\/v2\/posts\/40746\/revisions"}],"wp:featuredmedia":[{"embeddable":true,"href":"https:\/\/migracao.redenoticia.com.br\/noticia\/wp-json\/wp\/v2\/media\/37419"}],"wp:attachment":[{"href":"https:\/\/migracao.redenoticia.com.br\/noticia\/wp-json\/wp\/v2\/media?parent=40746"}],"wp:term":[{"taxonomy":"category","embeddable":true,"href":"https:\/\/migracao.redenoticia.com.br\/noticia\/wp-json\/wp\/v2\/categories?post=40746"},{"taxonomy":"post_tag","embeddable":true,"href":"https:\/\/migracao.redenoticia.com.br\/noticia\/wp-json\/wp\/v2\/tags?post=40746"}],"curies":[{"name":"wp","href":"https:\/\/api.w.org\/{rel}","templated":true}]}}