{"id":40748,"date":"2012-09-19T15:38:30","date_gmt":"2012-09-19T18:38:30","guid":{"rendered":"http:\/\/www.redenoticia.com.br\/noticia\/?p=40748"},"modified":"2012-09-19T15:38:30","modified_gmt":"2012-09-19T18:38:30","slug":"previsao-de-ventania-e-queda-na-temperatura-no-rj","status":"publish","type":"post","link":"https:\/\/migracao.redenoticia.com.br\/noticia\/2012\/previsao-de-ventania-e-queda-na-temperatura-no-rj\/40748","title":{"rendered":"Previs\u00e3o de ventania e queda na temperatura no RJ"},"content":{"rendered":"<p><em><strong>Previs\u00e3o<\/strong><\/em> &#8211; ontem novamente os term\u00f4metros passaram dos 30\u00b0C em boa parte do Rio de Janeiro e foram registrados ventos fortes, com rajadas de 58km\/h em Arraial do Cabo. Hoje o dia come\u00e7ou ensolarado e com temperaturas na casa dos 30\u00b0C na Capital fluminense e dos 33\u00b0C em Duque de Caxias. No decorrer do dia, o tempo seco predomina e os term\u00f4metros alcan\u00e7am os 38\u00b0C no litoral Sul, varia entre 30 e 32\u00b0C na Regi\u00e3o dos Lagos e em torno dos 36\u00b0C na regi\u00e3o do Grande Rio.<\/p>\n<p>Segundo previs\u00e3o da Somar, amanh\u00e3 \u00e1reas de instabilidade chegam \u00e0 Regi\u00e3o Sudeste provocando aumento da nebulosidade e pancadas de chuva em todo o Estado do Rio de Janeiro, inclusive na Capital. E apesar do baixo acumulado, h\u00e1 risco de transtornos por conta dos ventos fortes. As temperaturas j\u00e1 n\u00e3o ficam t\u00e3o elevadas como nesta quarta-feira e a m\u00ednima prevista \u00e9 de 17\/18\u00b0C na regi\u00e3o Serrana e entre 20\u00b0C e 24 \u00b0C nas demais \u00e1reas do Estado. J\u00e1 as m\u00e1ximas chegam aos 35\u00b0C do norte do Estado e aos 33\u00b0C na Capital.<\/p>\n<p>Na sexta-feira, persiste a nebulosidade em todo o Estado do Rio de Janeiro. Podem ocorrer chuvas isoladas a qualquer hora do dia e ainda h\u00e1 risco de ventos fortes. O dia come\u00e7a com muitas nuvens e m\u00ednimas em torno dos 23\u00b0C na regi\u00e3o do Grande Rio e mais amenas na regi\u00e3o Serrana, em torno dos 16\u00b0C. As m\u00e1ximas chegam aos 32\u00b0C no norte do Estado, mas n\u00e3o deve passar dos 28\u00b0C no Grande Rio por conta da nebulosidade e das chuvas.<\/p>\n<p>A primavera, que come\u00e7a \u00e0s 11h49 deste s\u00e1bado, ter\u00e1 um dia com nebulosidade no Rio de Janeiro, mas as chuvas diminuem de intensidade, ocorrendo de forma isolada e passageira, especialmente durante a tarde. As temperaturas permanecem mais baixas e a m\u00e1xima prevista para a Capital \u00e9 de apenas 26\u00b0C. Segundo os meteorologistas da Somar, aos poucos a frente fria se afasta para o oceano, mas ainda deixa o Estado com condi\u00e7\u00e3o de nebulosidade e temperaturas mais amenas. At\u00e9 em meados da pr\u00f3xima semana, se mant\u00e9m a condi\u00e7\u00e3o de chuva e nebulosidade para boa parte do Estado do Rio de Janeiro.<\/p>\n","protected":false},"excerpt":{"rendered":"<p>Previs\u00e3o &#8211; ontem novamente os term\u00f4metros passaram dos 30\u00b0C em boa parte do Rio de Janeiro e foram registrados ventos fortes, com rajadas de 58km\/h em Arraial do Cabo. Hoje o dia come\u00e7ou ensolarado e com temperaturas na casa dos 30\u00b0C na Capital fluminense e dos 33\u00b0C em Duque de Caxias. No decorrer do dia, [&hellip;]<\/p>\n","protected":false},"author":3,"featured_media":28410,"comment_status":"open","ping_status":"closed","sticky":false,"template":"","format":"standard","meta":{"tdm_status":"","tdm_grid_status":"","footnotes":""},"categories":[22,327,376],"tags":[],"class_list":{"0":"post-40748","1":"post","2":"type-post","3":"status-publish","4":"format-standard","5":"has-post-thumbnail","7":"category-brasil","8":"category-clima","9":"category-clima-brasil"},"_links":{"self":[{"href":"https:\/\/migracao.redenoticia.com.br\/noticia\/wp-json\/wp\/v2\/posts\/40748","targetHints":{"allow":["GET"]}}],"collection":[{"href":"https:\/\/migracao.redenoticia.com.br\/noticia\/wp-json\/wp\/v2\/posts"}],"about":[{"href":"https:\/\/migracao.redenoticia.com.br\/noticia\/wp-json\/wp\/v2\/types\/post"}],"author":[{"embeddable":true,"href":"https:\/\/migracao.redenoticia.com.br\/noticia\/wp-json\/wp\/v2\/users\/3"}],"replies":[{"embeddable":true,"href":"https:\/\/migracao.redenoticia.com.br\/noticia\/wp-json\/wp\/v2\/comments?post=40748"}],"version-history":[{"count":0,"href":"https:\/\/migracao.redenoticia.com.br\/noticia\/wp-json\/wp\/v2\/posts\/40748\/revisions"}],"wp:featuredmedia":[{"embeddable":true,"href":"https:\/\/migracao.redenoticia.com.br\/noticia\/wp-json\/wp\/v2\/media\/28410"}],"wp:attachment":[{"href":"https:\/\/migracao.redenoticia.com.br\/noticia\/wp-json\/wp\/v2\/media?parent=40748"}],"wp:term":[{"taxonomy":"category","embeddable":true,"href":"https:\/\/migracao.redenoticia.com.br\/noticia\/wp-json\/wp\/v2\/categories?post=40748"},{"taxonomy":"post_tag","embeddable":true,"href":"https:\/\/migracao.redenoticia.com.br\/noticia\/wp-json\/wp\/v2\/tags?post=40748"}],"curies":[{"name":"wp","href":"https:\/\/api.w.org\/{rel}","templated":true}]}}