{"id":40751,"date":"2012-09-19T10:44:58","date_gmt":"2012-09-19T13:44:58","guid":{"rendered":"http:\/\/www.redenoticia.com.br\/noticia\/?p=40751"},"modified":"2012-09-19T15:47:16","modified_gmt":"2012-09-19T18:47:16","slug":"treinamento-prepara-docentes-para-campanhas-de-saude","status":"publish","type":"post","link":"https:\/\/migracao.redenoticia.com.br\/noticia\/2012\/treinamento-prepara-docentes-para-campanhas-de-saude\/40751","title":{"rendered":"Treinamento prepara docentes para campanhas de Sa\u00fade"},"content":{"rendered":"<p>A Pr\u00f3-reitoria de Extens\u00e3o Universit\u00e1ria (Proex) realizou o treinamento de cerca de 60 professores, representantes das 33 unidades universit\u00e1rias, nesta ter\u00e7a-feira (18\/09). Eles organizar\u00e3o atividades em seus c\u00e2mpus para a promo\u00e7\u00e3o das campanhas Dia do Alerta sobre o Uso Excessivo do \u00c1lcool e Movimento Sa\u00fade. O evento ocorreu na reitoria da Unesp.<\/p>\n<p>Ao completar oito anos de exist\u00eancia, as campanhas acontecer\u00e3o simultaneamente no dia 03 de outubro, em toda a Universidade. Ser\u00e3o distribu\u00eddos folderes educativos e material de divulga\u00e7\u00e3o, como camisetas e sacolas, produzidos pela Proex. \u201cEssas a\u00e7\u00f5es buscam alertar \u00e0 comunidade unespiana sobre os riscos \u00e0 sa\u00fade do consumo abusivo do \u00e1lcool, do sobrepeso e da obesidade\u201d, explica a pr\u00f3-reitora de Extens\u00e3o Maria Am\u00e9lia M\u00e1ximo de Ara\u00fajo. \u201cElas mostram nosso compromisso com o bem-estar dos alunos e servidores.\u201d<\/p>\n<p>Dia do Alerta \u2013 Em 2005, a pr\u00f3-reitoria constatou que o consumo de bebidas alco\u00f3licas estava aumentando entre os estudantes universit\u00e1rios, sobretudo, entre os calouros. \u201cSomos co-respons\u00e1veis pela sa\u00fade desses alunos, que, muitas vezes, saem das casas de seus pais e mudam de cidades, at\u00e9 de estados\u201d, disse Maria Am\u00e9lia.<\/p>\n<p>Com o objetivo de inform\u00e1-los sobre o risco do uso abusivo do \u00e1lcool, desde aquele ano, s\u00e3o realizadas atividades diversificadas nas unidades em uma data comum, o Dia do Alerta. Neste ano, para oferecer mais dados sobre o tema para os professores, a m\u00e9dica psiqui\u00e1trica Ana Cec\u00edlia Marques, da Unifesp (Universidade Federal de S\u00e3o Paulo), ministrou a palestra, intitulada \u201c\u00c1lcool e o que mais?\u201d.<\/p>\n<p>A m\u00e9dica apresentou informa\u00e7\u00f5es da pesquisa feita pelo Inpad (Instituto Nacional de Ci\u00eancia e Tecnologia para Pol\u00edticas P\u00fablicas do \u00c1lcool e Outras Drogas) sobre o consumo de drogas no pa\u00eds, feita neste ano. O levantamento destacou que s\u00e3o consumidos nove litros de \u00e1lcool per capit\u00e3 no Brasil, um dos maiores consumos do mundo, sendo que uma grande parte dos consumidores est\u00e3o na faixa de 15 a 21 anos.<\/p>\n<p>Segundo Ana Cec\u00edlia, at\u00e9 os 24 anos, o l\u00f3bulo frontal, respons\u00e1vel pelas tomadas de decis\u00e3o, n\u00e3o est\u00e1 plenamente maduro, e o uso de drogas licitas ou il\u00edcitas atrapalha esse desenvolvimento. \u201cEssa \u00e9 a idade da maioria de nossos alunos. Por isso, \u00e9 t\u00e3o importante a\u00e7\u00f5es que orientam esses jovens\u201d, salientou.<\/p>\n<p>Movimento Sa\u00fade \u2013 Essa campanha idealizada pela Proex tem por finalidade orientar servidores, professores e estudantes da Unesp quanto aos riscos da obesidade, incentivando a pr\u00e1tica de esportes e a alimenta\u00e7\u00e3o saud\u00e1vel. Com o intuito de trazer mais informa\u00e7\u00f5es sobre o assunto, a nutricionista do Instituto de Bioci\u00eancias (IB), c\u00e2mpus de Botucatu, Maria Rita Marques de Oliveira, mostrou dados que apontam o aumento de peso da popula\u00e7\u00e3o brasileira, sobretudo, entre as mulheres.<\/p>\n<p>Nos anos de 2008 e 2009, cerca de 50% das mulheres estavam acima do peso ideal determinado pela OMS (Organiza\u00e7\u00e3o Mundial da Sa\u00fade), e outros 15% estavam na obesidade. \u201cOs fatores da obesidade v\u00e3o muito al\u00e9m da alimenta\u00e7\u00e3o. As condi\u00e7\u00f5es sociais e psicol\u00f3gicas nos levaram ao estado de \u2018gulodice do supereu\u2019, em que temos um exerc\u00edcio de compuls\u00e3o\u201d, explicou Maria Rita.<\/p>\n","protected":false},"excerpt":{"rendered":"<p>A Pr\u00f3-reitoria de Extens\u00e3o Universit\u00e1ria (Proex) realizou o treinamento de cerca de 60 professores, representantes das 33 unidades universit\u00e1rias, nesta ter\u00e7a-feira (18\/09). Eles organizar\u00e3o atividades em seus c\u00e2mpus para a promo\u00e7\u00e3o das campanhas Dia do Alerta sobre o Uso Excessivo do \u00c1lcool e Movimento Sa\u00fade. O evento ocorreu na reitoria da Unesp. Ao completar oito [&hellip;]<\/p>\n","protected":false},"author":3,"featured_media":37377,"comment_status":"open","ping_status":"closed","sticky":false,"template":"","format":"standard","meta":{"tdm_status":"","tdm_grid_status":"","footnotes":""},"categories":[22,5],"tags":[],"class_list":{"0":"post-40751","1":"post","2":"type-post","3":"status-publish","4":"format-standard","5":"has-post-thumbnail","7":"category-brasil","8":"category-saude-e-vida"},"_links":{"self":[{"href":"https:\/\/migracao.redenoticia.com.br\/noticia\/wp-json\/wp\/v2\/posts\/40751","targetHints":{"allow":["GET"]}}],"collection":[{"href":"https:\/\/migracao.redenoticia.com.br\/noticia\/wp-json\/wp\/v2\/posts"}],"about":[{"href":"https:\/\/migracao.redenoticia.com.br\/noticia\/wp-json\/wp\/v2\/types\/post"}],"author":[{"embeddable":true,"href":"https:\/\/migracao.redenoticia.com.br\/noticia\/wp-json\/wp\/v2\/users\/3"}],"replies":[{"embeddable":true,"href":"https:\/\/migracao.redenoticia.com.br\/noticia\/wp-json\/wp\/v2\/comments?post=40751"}],"version-history":[{"count":0,"href":"https:\/\/migracao.redenoticia.com.br\/noticia\/wp-json\/wp\/v2\/posts\/40751\/revisions"}],"wp:featuredmedia":[{"embeddable":true,"href":"https:\/\/migracao.redenoticia.com.br\/noticia\/wp-json\/wp\/v2\/media\/37377"}],"wp:attachment":[{"href":"https:\/\/migracao.redenoticia.com.br\/noticia\/wp-json\/wp\/v2\/media?parent=40751"}],"wp:term":[{"taxonomy":"category","embeddable":true,"href":"https:\/\/migracao.redenoticia.com.br\/noticia\/wp-json\/wp\/v2\/categories?post=40751"},{"taxonomy":"post_tag","embeddable":true,"href":"https:\/\/migracao.redenoticia.com.br\/noticia\/wp-json\/wp\/v2\/tags?post=40751"}],"curies":[{"name":"wp","href":"https:\/\/api.w.org\/{rel}","templated":true}]}}